{"id":122402,"date":"2020-04-13T22:39:35","date_gmt":"2020-04-14T01:39:35","guid":{"rendered":"http:\/\/www.barragrande24horas.com.br\/v1\/?p=122402"},"modified":"2020-04-13T22:39:36","modified_gmt":"2020-04-14T01:39:36","slug":"canavieiras-confirma-o-primeiro-caso-da-covid-19","status":"publish","type":"post","link":"https:\/\/www.barragrande24horas.com.br\/v1\/2020\/04\/13\/canavieiras-confirma-o-primeiro-caso-da-covid-19\/","title":{"rendered":"CANAVIEIRAS CONFIRMA O PRIMEIRO CASO DA COVID-19"},"content":{"rendered":"<p><a href=\"https:\/\/www.barragrande24horas.com.br\/v1\/wp-content\/uploads\/2020\/04\/217aa950a29ae1a2da985169c916a57c.jpg\" class=\"gallery_colorbox\" rel=\"attachment wp-att-122403\"><img loading=\"lazy\" class=\" wp-image-122403 aligncenter\" src=\"http:\/\/www.barragrande24horas.com.br\/v1\/wp-content\/uploads\/2020\/04\/217aa950a29ae1a2da985169c916a57c.jpg\"  alt=\"\" width=\"562\" height=\"359\" srcset=\"https:\/\/www.barragrande24horas.com.br\/v1\/wp-content\/uploads\/2020\/04\/217aa950a29ae1a2da985169c916a57c.jpg 600w, https:\/\/www.barragrande24horas.com.br\/v1\/wp-content\/uploads\/2020\/04\/217aa950a29ae1a2da985169c916a57c-470x300.jpg 470w\" sizes=\"(max-width: 562px) 100vw, 562px\" \/><\/a><\/p>\n<p>Do <strong>Blog Pimenta<\/strong><\/p>\n<p>A Secretaria de Sa\u00fade de Canavieiras confirmou, no in\u00edcio da tarde desta segunda-feira (13), o primeiro caso de coronav\u00edrus no munic\u00edpio. O paciente est\u00e1 em isolamento domiciliar e \u00e9 acompanhado pela Vigil\u00e2ncia Epidemiol\u00f3gica do Munic\u00edpio.<\/p>\n<p>De acordo com a Secretaria de Sa\u00fade de Canavieiras, al\u00e9m do caso positivo,\u00a0 \u00e9 aguardado resultado de exames de outros quatro pacientes. Realizados pelo Laborat\u00f3rio Central do Estado (Lacen), os testes devem ser enviados ao munic\u00edpio nos pr\u00f3ximos dias.<\/p>\n<p>Do total analisado at\u00e9 agora, 16 pacientes testaram negativo para a Covid-19 e a Vigil\u00e2ncia Epidemiol\u00f3gica est\u00e1 monitorando 68 casos suspeitos.<\/p>\n","protected":false},"excerpt":{"rendered":"<p>Do Blog Pimenta A Secretaria de Sa\u00fade de Canavieiras confirmou, no in\u00edcio da tarde desta segunda-feira (13), o primeiro caso de coronav\u00edrus no munic\u00edpio. O paciente est\u00e1 em isolamento domiciliar e \u00e9 acompanhado pela Vigil\u00e2ncia Epidemiol\u00f3gica do Munic\u00edpio. De acordo com a Secretaria de Sa\u00fade de Canavieiras, al\u00e9m do caso positivo,\u00a0 \u00e9 aguardado resultado de exames de outros quatro pacientes. Realizados pelo Laborat\u00f3rio Central do Estado (Lacen), os testes devem ser enviados ao munic\u00edpio nos pr\u00f3ximos dias. Do total analisado at\u00e9 agora, 16 pacientes testaram negativo para a Covid-19 e a Vigil\u00e2ncia Epidemiol\u00f3gica est\u00e1 monitorando 68 casos suspeitos.<\/p>\n","protected":false},"author":2,"featured_media":122403,"comment_status":"open","ping_status":"closed","sticky":false,"template":"","format":"standard","meta":[],"categories":[29,17],"tags":[2498],"_links":{"self":[{"href":"https:\/\/www.barragrande24horas.com.br\/v1\/wp-json\/wp\/v2\/posts\/122402"}],"collection":[{"href":"https:\/\/www.barragrande24horas.com.br\/v1\/wp-json\/wp\/v2\/posts"}],"about":[{"href":"https:\/\/www.barragrande24horas.com.br\/v1\/wp-json\/wp\/v2\/types\/post"}],"author":[{"embeddable":true,"href":"https:\/\/www.barragrande24horas.com.br\/v1\/wp-json\/wp\/v2\/users\/2"}],"replies":[{"embeddable":true,"href":"https:\/\/www.barragrande24horas.com.br\/v1\/wp-json\/wp\/v2\/comments?post=122402"}],"version-history":[{"count":2,"href":"https:\/\/www.barragrande24horas.com.br\/v1\/wp-json\/wp\/v2\/posts\/122402\/revisions"}],"predecessor-version":[{"id":122405,"href":"https:\/\/www.barragrande24horas.com.br\/v1\/wp-json\/wp\/v2\/posts\/122402\/revisions\/122405"}],"wp:featuredmedia":[{"embeddable":true,"href":"https:\/\/www.barragrande24horas.com.br\/v1\/wp-json\/wp\/v2\/media\/122403"}],"wp:attachment":[{"href":"https:\/\/www.barragrande24horas.com.br\/v1\/wp-json\/wp\/v2\/media?parent=122402"}],"wp:term":[{"taxonomy":"category","embeddable":true,"href":"https:\/\/www.barragrande24horas.com.br\/v1\/wp-json\/wp\/v2\/categories?post=122402"},{"taxonomy":"post_tag","embeddable":true,"href":"https:\/\/www.barragrande24horas.com.br\/v1\/wp-json\/wp\/v2\/tags?post=122402"}],"curies":[{"name":"wp","href":"https:\/\/api.w.org\/{rel}","templated":true}]}}