{"id":122207,"date":"2020-04-07T22:58:38","date_gmt":"2020-04-08T01:58:38","guid":{"rendered":"http:\/\/www.barragrande24horas.com.br\/v1\/?p=122207"},"modified":"2020-04-07T22:58:38","modified_gmt":"2020-04-08T01:58:38","slug":"quarto-caso-de-coronavirus-e-confirmado-em-itagiba","status":"publish","type":"post","link":"https:\/\/www.barragrande24horas.com.br\/v1\/2020\/04\/07\/quarto-caso-de-coronavirus-e-confirmado-em-itagiba\/","title":{"rendered":"Quarto caso de coronav\u00edrus \u00e9 confirmado em Itagib\u00e1"},"content":{"rendered":"<div id=\"attachment_122144\" style=\"width: 572px\" class=\"wp-caption aligncenter\"><a href=\"https:\/\/www.barragrande24horas.com.br\/v1\/wp-content\/uploads\/2020\/04\/Comunicado-da-SESAB-sobre-o-coronav\u00edrus-Covid-19-2019-nCoV-emitido-nesta-quarta-feira-20200318.jpg\" class=\"gallery_colorbox\" rel=\"attachment wp-att-122144\"><img aria-describedby=\"caption-attachment-122144\" loading=\"lazy\" class=\" wp-image-122144\" src=\"http:\/\/www.barragrande24horas.com.br\/v1\/wp-content\/uploads\/2020\/04\/Comunicado-da-SESAB-sobre-o-coronav\u00edrus-Covid-19-2019-nCoV-emitido-nesta-quarta-feira-20200318.jpg\"  alt=\"\" width=\"562\" height=\"375\" srcset=\"https:\/\/www.barragrande24horas.com.br\/v1\/wp-content\/uploads\/2020\/04\/Comunicado-da-SESAB-sobre-o-coronav\u00edrus-Covid-19-2019-nCoV-emitido-nesta-quarta-feira-20200318.jpg 2400w, https:\/\/www.barragrande24horas.com.br\/v1\/wp-content\/uploads\/2020\/04\/Comunicado-da-SESAB-sobre-o-coronav\u00edrus-Covid-19-2019-nCoV-emitido-nesta-quarta-feira-20200318-450x300.jpg 450w, https:\/\/www.barragrande24horas.com.br\/v1\/wp-content\/uploads\/2020\/04\/Comunicado-da-SESAB-sobre-o-coronav\u00edrus-Covid-19-2019-nCoV-emitido-nesta-quarta-feira-20200318-768x512.jpg 768w, https:\/\/www.barragrande24horas.com.br\/v1\/wp-content\/uploads\/2020\/04\/Comunicado-da-SESAB-sobre-o-coronav\u00edrus-Covid-19-2019-nCoV-emitido-nesta-quarta-feira-20200318-1024x683.jpg 1024w\" sizes=\"(max-width: 562px) 100vw, 562px\" \/><\/a><p id=\"caption-attachment-122144\" class=\"wp-caption-text\">Comunicado da SESAB sobre o coronav\u00edrus Covid-19 (2019-nCoV), emitido nesta quarta-feira (18\/03\/2020).<\/p><\/div>\n<p>A Prefeitura de Itagib\u00e1, atrav\u00e9s do setor do Vigil\u00e2ncia Epidemiol\u00f3gica da Secretaria Municipal de Sa\u00fade, informou no in\u00edcio da noite dessa ter\u00e7a-feira, 07 de abril, que recebeu do Laborat\u00f3rio Central de Sa\u00fade P\u00fablica (LACEN), em Salvador, e do N\u00facleo Regional de Sa\u00fade de Jequi\u00e9, mais um resultado confirmado de coronav\u00edrus (Covid-19).<\/p>\n<p>Conforme a Vigil\u00e2ncia Sanit\u00e1ria, a paciente \u00e9 uma profissional de Sa\u00fade que foi notificada em Jequi\u00e9. \u201cEla estava em quarentena, sendo monitorada, diariamente, pela Vigil\u00e2ncia Epidemiol\u00f3gica de Itagib\u00e1, mas no momento est\u00e1 internada em uma unidade hospitalar\u201d, informa.<\/p>\n<p>A Secretaria de Sa\u00fade refor\u00e7a, que \u00e9 muito importante manter o distanciamento social e que as pessoas permane\u00e7am dentro de casa. Esta \u00e9 a medida mais segura para evitar a contamina\u00e7\u00e3o. \u201cInformamos, ainda, que todas as medidas de preven\u00e7\u00e3o est\u00e3o sendo adotadas por esta secretaria e pela gest\u00e3o municipal para evitar o aumento de casos no munic\u00edpio\u201d, finaliza a prefeitura em nota divulgada.\u00a0Com a confirma\u00e7\u00e3o do 4\u00ba caso em Itagib\u00e1, a microrregi\u00e3o j\u00e1 soma 15 casos: Ipia\u00fa com 5, Ibirataia com 3 e Barra do Rocha tamb\u00e9m com 3. (Giro Ipia\u00fa)<\/p>\n","protected":false},"excerpt":{"rendered":"<p>A Prefeitura de Itagib\u00e1, atrav\u00e9s do setor do Vigil\u00e2ncia Epidemiol\u00f3gica da Secretaria Municipal de Sa\u00fade, informou no in\u00edcio da noite dessa ter\u00e7a-feira, 07 de abril, que recebeu do Laborat\u00f3rio Central de Sa\u00fade P\u00fablica (LACEN), em Salvador, e do N\u00facleo Regional de Sa\u00fade de Jequi\u00e9, mais um resultado confirmado de coronav\u00edrus (Covid-19). Conforme a Vigil\u00e2ncia Sanit\u00e1ria, a paciente \u00e9 uma profissional de Sa\u00fade que foi notificada em Jequi\u00e9. \u201cEla estava em quarentena, sendo monitorada, diariamente, pela Vigil\u00e2ncia Epidemiol\u00f3gica de Itagib\u00e1, mas no momento est\u00e1 internada em uma unidade hospitalar\u201d, informa. A Secretaria de Sa\u00fade refor\u00e7a, que \u00e9 muito importante manter o [&hellip;]<\/p>\n","protected":false},"author":2,"featured_media":122144,"comment_status":"open","ping_status":"closed","sticky":false,"template":"","format":"standard","meta":[],"categories":[17,19],"tags":[2442],"_links":{"self":[{"href":"https:\/\/www.barragrande24horas.com.br\/v1\/wp-json\/wp\/v2\/posts\/122207"}],"collection":[{"href":"https:\/\/www.barragrande24horas.com.br\/v1\/wp-json\/wp\/v2\/posts"}],"about":[{"href":"https:\/\/www.barragrande24horas.com.br\/v1\/wp-json\/wp\/v2\/types\/post"}],"author":[{"embeddable":true,"href":"https:\/\/www.barragrande24horas.com.br\/v1\/wp-json\/wp\/v2\/users\/2"}],"replies":[{"embeddable":true,"href":"https:\/\/www.barragrande24horas.com.br\/v1\/wp-json\/wp\/v2\/comments?post=122207"}],"version-history":[{"count":1,"href":"https:\/\/www.barragrande24horas.com.br\/v1\/wp-json\/wp\/v2\/posts\/122207\/revisions"}],"predecessor-version":[{"id":122208,"href":"https:\/\/www.barragrande24horas.com.br\/v1\/wp-json\/wp\/v2\/posts\/122207\/revisions\/122208"}],"wp:featuredmedia":[{"embeddable":true,"href":"https:\/\/www.barragrande24horas.com.br\/v1\/wp-json\/wp\/v2\/media\/122144"}],"wp:attachment":[{"href":"https:\/\/www.barragrande24horas.com.br\/v1\/wp-json\/wp\/v2\/media?parent=122207"}],"wp:term":[{"taxonomy":"category","embeddable":true,"href":"https:\/\/www.barragrande24horas.com.br\/v1\/wp-json\/wp\/v2\/categories?post=122207"},{"taxonomy":"post_tag","embeddable":true,"href":"https:\/\/www.barragrande24horas.com.br\/v1\/wp-json\/wp\/v2\/tags?post=122207"}],"curies":[{"name":"wp","href":"https:\/\/api.w.org\/{rel}","templated":true}]}}