{"id":122191,"date":"2020-04-07T20:47:56","date_gmt":"2020-04-07T23:47:56","guid":{"rendered":"http:\/\/www.barragrande24horas.com.br\/v1\/?p=122191"},"modified":"2020-04-07T20:47:57","modified_gmt":"2020-04-07T23:47:57","slug":"aurelino-leal-municipio-confirma-primeiro-caso-do-covid-19","status":"publish","type":"post","link":"https:\/\/www.barragrande24horas.com.br\/v1\/2020\/04\/07\/aurelino-leal-municipio-confirma-primeiro-caso-do-covid-19\/","title":{"rendered":"AURELINO LEAL: MUNIC\u00cdPIO CONFIRMA PRIMEIRO CASO DO COVID-19"},"content":{"rendered":"<p><a href=\"https:\/\/www.barragrande24horas.com.br\/v1\/wp-content\/uploads\/2020\/04\/WhatsApp-Image-2020-04-07-at-18.34.08-768x768.jpeg\" class=\"gallery_colorbox\" rel=\"attachment wp-att-122192\"><img loading=\"lazy\" class=\" wp-image-122192 aligncenter\" src=\"http:\/\/www.barragrande24horas.com.br\/v1\/wp-content\/uploads\/2020\/04\/WhatsApp-Image-2020-04-07-at-18.34.08-768x768.jpeg\"  alt=\"\" width=\"577\" height=\"578\" srcset=\"https:\/\/www.barragrande24horas.com.br\/v1\/wp-content\/uploads\/2020\/04\/WhatsApp-Image-2020-04-07-at-18.34.08-768x768.jpeg 768w, https:\/\/www.barragrande24horas.com.br\/v1\/wp-content\/uploads\/2020\/04\/WhatsApp-Image-2020-04-07-at-18.34.08-768x768-300x300.jpeg 300w\" sizes=\"(max-width: 577px) 100vw, 577px\" \/><\/a><\/p>\n<p>Na tarde desta ter\u00e7a-feira, 7 de abril, o Laborat\u00f3rio Central da Bahia \u2013 LACEN, informou a Secretaria Municipal de Sa\u00fade de Aurelino Leal, que o caso que estava aguardando o resultado, atestou positivo para o Coronav\u00edrus (SARS-CoV-2). A Vigil\u00e2ncia Epidemiol\u00f3gica de Aurelino Leal, realizou a coleta do material, e segue acompanhando o caso, e identificando os contatos do paciente nos \u00faltimos dias. O paciente, que tem 75 anos est\u00e1 em Isolamento domiciliar no distrito de Po\u00e7o Central desde a chegada de S\u00e3o Paulo no munic\u00edpio. (Reda\u00e7\u00e3o: Ubaitaba Urgente) &#8211; Fonte dessa mat\u00e9ria: https:\/\/ubaitabaurgente.com.br<\/p>\n","protected":false},"excerpt":{"rendered":"<p>Na tarde desta ter\u00e7a-feira, 7 de abril, o Laborat\u00f3rio Central da Bahia \u2013 LACEN, informou a Secretaria Municipal de Sa\u00fade de Aurelino Leal, que o caso que estava aguardando o resultado, atestou positivo para o Coronav\u00edrus (SARS-CoV-2). A Vigil\u00e2ncia Epidemiol\u00f3gica de Aurelino Leal, realizou a coleta do material, e segue acompanhando o caso, e identificando os contatos do paciente nos \u00faltimos dias. O paciente, que tem 75 anos est\u00e1 em Isolamento domiciliar no distrito de Po\u00e7o Central desde a chegada de S\u00e3o Paulo no munic\u00edpio. (Reda\u00e7\u00e3o: Ubaitaba Urgente) &#8211; Fonte dessa mat\u00e9ria: https:\/\/ubaitabaurgente.com.br<\/p>\n","protected":false},"author":2,"featured_media":122192,"comment_status":"open","ping_status":"closed","sticky":false,"template":"","format":"standard","meta":[],"categories":[8,17],"tags":[2439],"_links":{"self":[{"href":"https:\/\/www.barragrande24horas.com.br\/v1\/wp-json\/wp\/v2\/posts\/122191"}],"collection":[{"href":"https:\/\/www.barragrande24horas.com.br\/v1\/wp-json\/wp\/v2\/posts"}],"about":[{"href":"https:\/\/www.barragrande24horas.com.br\/v1\/wp-json\/wp\/v2\/types\/post"}],"author":[{"embeddable":true,"href":"https:\/\/www.barragrande24horas.com.br\/v1\/wp-json\/wp\/v2\/users\/2"}],"replies":[{"embeddable":true,"href":"https:\/\/www.barragrande24horas.com.br\/v1\/wp-json\/wp\/v2\/comments?post=122191"}],"version-history":[{"count":2,"href":"https:\/\/www.barragrande24horas.com.br\/v1\/wp-json\/wp\/v2\/posts\/122191\/revisions"}],"predecessor-version":[{"id":122194,"href":"https:\/\/www.barragrande24horas.com.br\/v1\/wp-json\/wp\/v2\/posts\/122191\/revisions\/122194"}],"wp:featuredmedia":[{"embeddable":true,"href":"https:\/\/www.barragrande24horas.com.br\/v1\/wp-json\/wp\/v2\/media\/122192"}],"wp:attachment":[{"href":"https:\/\/www.barragrande24horas.com.br\/v1\/wp-json\/wp\/v2\/media?parent=122191"}],"wp:term":[{"taxonomy":"category","embeddable":true,"href":"https:\/\/www.barragrande24horas.com.br\/v1\/wp-json\/wp\/v2\/categories?post=122191"},{"taxonomy":"post_tag","embeddable":true,"href":"https:\/\/www.barragrande24horas.com.br\/v1\/wp-json\/wp\/v2\/tags?post=122191"}],"curies":[{"name":"wp","href":"https:\/\/api.w.org\/{rel}","templated":true}]}}