{"id":122181,"date":"2020-04-07T20:35:59","date_gmt":"2020-04-07T23:35:59","guid":{"rendered":"http:\/\/www.barragrande24horas.com.br\/v1\/?p=122181"},"modified":"2020-04-07T20:36:00","modified_gmt":"2020-04-07T23:36:00","slug":"ilheus-nucleo-do-hospital-regional-costa-do-cacau-treina-funcionarios-sobre-controle-de-infeccoes-frente-ao-covid-19","status":"publish","type":"post","link":"https:\/\/www.barragrande24horas.com.br\/v1\/2020\/04\/07\/ilheus-nucleo-do-hospital-regional-costa-do-cacau-treina-funcionarios-sobre-controle-de-infeccoes-frente-ao-covid-19\/","title":{"rendered":"ILH\u00c9US: N\u00daCLEO DO HOSPITAL REGIONAL COSTA DO CACAU TREINA FUNCION\u00c1RIOS SOBRE CONTROLE DE INFEC\u00c7\u00d5ES FRENTE AO COVID-19"},"content":{"rendered":"<p><a href=\"https:\/\/www.barragrande24horas.com.br\/v1\/wp-content\/uploads\/2020\/04\/costadocacau.jpg\" class=\"gallery_colorbox\" rel=\"attachment wp-att-122183\"><img loading=\"lazy\" class=\" wp-image-122183 aligncenter\" src=\"http:\/\/www.barragrande24horas.com.br\/v1\/wp-content\/uploads\/2020\/04\/costadocacau.jpg\"  alt=\"\" width=\"551\" height=\"358\" srcset=\"https:\/\/www.barragrande24horas.com.br\/v1\/wp-content\/uploads\/2020\/04\/costadocacau.jpg 588w, https:\/\/www.barragrande24horas.com.br\/v1\/wp-content\/uploads\/2020\/04\/costadocacau-462x300.jpg 462w\" sizes=\"(max-width: 551px) 100vw, 551px\" \/><\/a><\/p>\n<p>O N\u00facleo de Educa\u00e7\u00e3o Permanente em Sa\u00fade (NEPS), em parceria com o N\u00facleo da Qualidade e coordenadores de Enfermagem do Hospital Regional Costa do Cacau (HRCC), em Ilh\u00e9us, realizou treinamento com orienta\u00e7\u00f5es sobre medidas de precau\u00e7\u00e3o para preven\u00e7\u00e3o e controle de infec\u00e7\u00f5es relacionadas a assist\u00eancia \u00e0 sa\u00fade, direcionado ao enfrentamento do novo coronav\u00edrus (Covid-19).<\/p>\n<p>Esse treinamento ocorreu em duas fases. A primeira, de 23 a 27 de mar\u00e7o, envolvendo todos os colaboradores orientou, com a distribui\u00e7\u00e3o de cartilhas, sobre os temas: \u201cRecomenda\u00e7\u00f5es de Uso dos Equipamentos de Prote\u00e7\u00e3o Individual (EPIs) no Combate ao Novo Coronav\u00edrus\u201d e \u201cNada de P\u00e2nico \u2013 uso correto de EPI durante a assist\u00eancia em casos suspeitos ou pacientes com Covid-19\u201d.<\/p>\n<p>A segunda etapa, de 01 a 06 de abril, direcionada para enfermeiros, t\u00e9cnicos de enfermagem e fisioterapeutas, realizou a capacita\u00e7\u00e3o expositiva dialogada. De acordo com a enfermeira Maria Am\u00e9lia Lapa, do NEPS do HRCC, o treinamento, em geral, teve como objetivo orientar e esclarecer d\u00favidas sobre a transmiss\u00e3o e medidas de preven\u00e7\u00e3o do Covid-19.<\/p>\n<p>A enfermeira explicou que as devidas recomenda\u00e7\u00f5es de uso de EPIs no combate ao novo coronav\u00edrus foram repassadas aos funcion\u00e1rios. \u201cAbordamos precau\u00e7\u00f5es padr\u00f5es, treinamos a lavagem simples das m\u00e3os com \u00e1gua e sab\u00e3o, limpeza das m\u00e3os com \u00e1lcool em gel 70 por cento, coloca\u00e7\u00e3o e retirada de EPIs, entre outros. Tudo conforme orienta\u00e7\u00f5es t\u00e9cnicas da Sesab, Minist\u00e9rio da Sa\u00fade e OMS\u201d, disse.<\/p>\n<p>Para o m\u00e9dico Almir Gon\u00e7alves, diretor assistencial do HRCC, outras a\u00e7\u00f5es s\u00e3o desenvolvidas periodicamente, com diversos profissionais, na unidade. \u201cTodos os nossos treinamentos e orienta\u00e7\u00f5es seguem prioritariamente as recomenda\u00e7\u00f5es de institui\u00e7\u00f5es cient\u00edficas oficiais. Neste momento, a ci\u00eancia \u00e9 a maior aliada no combate ao Covid-19\u201d, concluiu. (Pol\u00edticos do Sul da Bahia)<\/p>\n","protected":false},"excerpt":{"rendered":"<p>O N\u00facleo de Educa\u00e7\u00e3o Permanente em Sa\u00fade (NEPS), em parceria com o N\u00facleo da Qualidade e coordenadores de Enfermagem do Hospital Regional Costa do Cacau (HRCC), em Ilh\u00e9us, realizou treinamento com orienta\u00e7\u00f5es sobre medidas de precau\u00e7\u00e3o para preven\u00e7\u00e3o e controle de infec\u00e7\u00f5es relacionadas a assist\u00eancia \u00e0 sa\u00fade, direcionado ao enfrentamento do novo coronav\u00edrus (Covid-19). Esse treinamento ocorreu em duas fases. A primeira, de 23 a 27 de mar\u00e7o, envolvendo todos os colaboradores orientou, com a distribui\u00e7\u00e3o de cartilhas, sobre os temas: \u201cRecomenda\u00e7\u00f5es de Uso dos Equipamentos de Prote\u00e7\u00e3o Individual (EPIs) no Combate ao Novo Coronav\u00edrus\u201d e \u201cNada de P\u00e2nico \u2013 [&hellip;]<\/p>\n","protected":false},"author":2,"featured_media":122183,"comment_status":"open","ping_status":"closed","sticky":false,"template":"","format":"standard","meta":[],"categories":[8,29,17],"tags":[250],"_links":{"self":[{"href":"https:\/\/www.barragrande24horas.com.br\/v1\/wp-json\/wp\/v2\/posts\/122181"}],"collection":[{"href":"https:\/\/www.barragrande24horas.com.br\/v1\/wp-json\/wp\/v2\/posts"}],"about":[{"href":"https:\/\/www.barragrande24horas.com.br\/v1\/wp-json\/wp\/v2\/types\/post"}],"author":[{"embeddable":true,"href":"https:\/\/www.barragrande24horas.com.br\/v1\/wp-json\/wp\/v2\/users\/2"}],"replies":[{"embeddable":true,"href":"https:\/\/www.barragrande24horas.com.br\/v1\/wp-json\/wp\/v2\/comments?post=122181"}],"version-history":[{"count":3,"href":"https:\/\/www.barragrande24horas.com.br\/v1\/wp-json\/wp\/v2\/posts\/122181\/revisions"}],"predecessor-version":[{"id":122187,"href":"https:\/\/www.barragrande24horas.com.br\/v1\/wp-json\/wp\/v2\/posts\/122181\/revisions\/122187"}],"wp:featuredmedia":[{"embeddable":true,"href":"https:\/\/www.barragrande24horas.com.br\/v1\/wp-json\/wp\/v2\/media\/122183"}],"wp:attachment":[{"href":"https:\/\/www.barragrande24horas.com.br\/v1\/wp-json\/wp\/v2\/media?parent=122181"}],"wp:term":[{"taxonomy":"category","embeddable":true,"href":"https:\/\/www.barragrande24horas.com.br\/v1\/wp-json\/wp\/v2\/categories?post=122181"},{"taxonomy":"post_tag","embeddable":true,"href":"https:\/\/www.barragrande24horas.com.br\/v1\/wp-json\/wp\/v2\/tags?post=122181"}],"curies":[{"name":"wp","href":"https:\/\/api.w.org\/{rel}","templated":true}]}}