{"id":122071,"date":"2020-04-02T23:37:19","date_gmt":"2020-04-03T02:37:19","guid":{"rendered":"http:\/\/www.barragrande24horas.com.br\/v1\/?p=122071"},"modified":"2020-04-02T23:37:19","modified_gmt":"2020-04-03T02:37:19","slug":"brasil-tem-326-mortes-e-mais-de-8-mil-casos-confirmados-de-coronavirus","status":"publish","type":"post","link":"https:\/\/www.barragrande24horas.com.br\/v1\/2020\/04\/02\/brasil-tem-326-mortes-e-mais-de-8-mil-casos-confirmados-de-coronavirus\/","title":{"rendered":"Brasil tem 326 mortes e mais de 8 mil casos confirmados de coronav\u00edrus"},"content":{"rendered":"<div class=\"mc-column content-text active-extra-styles \" data-block-type=\"unstyled\" data-block-weight=\"28\">\n<div class=\"mc-column content-text active-extra-styles \" data-block-type=\"unstyled\" data-block-weight=\"48\" data-block-id=\"2\">\n<p data-track-category=\"Link no Texto\" data-track-links=\"\"><a href=\"https:\/\/www.barragrande24horas.com.br\/v1\/wp-content\/uploads\/2020\/04\/istock-842960000.jpg\" class=\"gallery_colorbox\" rel=\"attachment wp-att-122072\"><img loading=\"lazy\" class=\" wp-image-122072 aligncenter\" src=\"http:\/\/www.barragrande24horas.com.br\/v1\/wp-content\/uploads\/2020\/04\/istock-842960000.jpg\"  alt=\"\" width=\"584\" height=\"389\" srcset=\"https:\/\/www.barragrande24horas.com.br\/v1\/wp-content\/uploads\/2020\/04\/istock-842960000.jpg 680w, https:\/\/www.barragrande24horas.com.br\/v1\/wp-content\/uploads\/2020\/04\/istock-842960000-450x300.jpg 450w\" sizes=\"(max-width: 584px) 100vw, 584px\" \/><\/a><\/p>\n<p class=\"content-text__container \" data-track-category=\"Link no Texto\" data-track-links=\"\">A Secretaria de Estado da Sa\u00fade de S\u00e3o Paulo confirmou mais 20 mortes pelo coronav\u00edrus na noite desta quinta-feira (2). Os exames foram feitos em uma for\u00e7a-tarefa da secretaria para diagnosticar os 201 \u00f3bitos considerados suspeitos que estavam na fila de espera no Instituto Adolfo Lutz.<\/p>\n<\/div>\n<div class=\"wall protected-content\">\n<div class=\"mc-column content-text active-extra-styles \" data-block-type=\"unstyled\" data-block-weight=\"44\" data-block-id=\"3\">As secretarias estaduais de Sa\u00fade divulgaram, at\u00e9 as 22h40 desta quinta-feira (2),\u00a08.066 casos confirmados do\u00a0novo coronav\u00edrus (Sars-Cov-2)\u00a0no Brasil, com\u00a0327 mortes pela Covid-19. Minas Gerais confirmou que alcan\u00e7ou quatro mortes e 370 casos no Estado\u00a0nesta manh\u00e3 (inicialmente, a secretaria tinha informado seis mortos, mas corrigiu a informa\u00e7\u00e3o). A\u00a0Bahia chegou a tr\u00eas mortes, e o\u00a0Esp\u00edrito Santo confirmou sua primeira morte: um paciente de 57 anos, que estava internado no hospital Jayme dos Santos Neves, em Serra.<\/div>\n<div data-block-type=\"unstyled\" data-block-weight=\"44\" data-block-id=\"3\"><\/div>\n<\/div>\n<div class=\"mc-column content-text active-extra-styles \" data-block-type=\"unstyled\" data-block-weight=\"48\" data-block-id=\"4\">Na noite dessa quinta-feira, o\u00a0Amazonas confirmou duas novas mortes pela Covid-19, chegando ao total de cinco. O\u00a0Cear\u00e1 registra 21 mortes\u00a0e \u00e9 o terceiro estado com maior n\u00famero de casos fatais, atr\u00e1s de\u00a0S\u00e3o Paulo, que contou 208, e\u00a0Rio de Janeiro, que tem 41 fatalidades. Sergipe confirmou as duas primeiras mortes pela doen\u00e7a no estado: uma mulher de 61 anos que era diab\u00e9tica, hipertensa, com hist\u00f3rico de doen\u00e7a vascular perif\u00e9rica; e um homem de 60 anos, hipertenso, que havia chegado de S\u00e3o Paulo h\u00e1 15 dias.<\/div>\n<\/div>\n<div data-block-type=\"unstyled\" data-block-weight=\"48\" data-block-id=\"4\"><\/div>\n<div data-block-type=\"unstyled\" data-block-weight=\"48\" data-block-id=\"4\">\n<div class=\"mc-column content-text active-extra-styles \" data-block-type=\"unstyled\" data-block-weight=\"25\" data-block-id=\"7\">\n<p class=\"content-text__container \" data-track-category=\"Link no Texto\" data-track-links=\"\">\n<div class=\"mc-column content-text active-extra-styles \" data-block-type=\"unstyled\" data-block-weight=\"61\" data-block-id=\"10\">\n<p class=\"content-text__container \" data-track-category=\"Link no Texto\" data-track-links=\"\">\n<\/div>\n<div class=\"mc-column content-text active-extra-styles\" data-block-type=\"raw\" data-block-weight=\"40\" data-block-id=\"11\"><\/div>\n<\/div>\n<\/div>\n<div class=\"wall protected-content\">\n<div class=\"mc-column content-text active-extra-styles \" data-block-type=\"unstyled\" data-block-weight=\"56\">\n<div class=\"mc-column content-text active-extra-styles \" data-block-type=\"unstyled\" data-block-weight=\"41\" data-block-id=\"5\"><\/div>\n<\/div>\n<\/div>\n","protected":false},"excerpt":{"rendered":"<p>A Secretaria de Estado da Sa\u00fade de S\u00e3o Paulo confirmou mais 20 mortes pelo coronav\u00edrus na noite desta quinta-feira (2). Os exames foram feitos em uma for\u00e7a-tarefa da secretaria para diagnosticar os 201 \u00f3bitos considerados suspeitos que estavam na fila de espera no Instituto Adolfo Lutz. As secretarias estaduais de Sa\u00fade divulgaram, at\u00e9 as 22h40 desta quinta-feira (2),\u00a08.066 casos confirmados do\u00a0novo coronav\u00edrus (Sars-Cov-2)\u00a0no Brasil, com\u00a0327 mortes pela Covid-19. Minas Gerais confirmou que alcan\u00e7ou quatro mortes e 370 casos no Estado\u00a0nesta manh\u00e3 (inicialmente, a secretaria tinha informado seis mortos, mas corrigiu a informa\u00e7\u00e3o). A\u00a0Bahia chegou a tr\u00eas mortes, e o\u00a0Esp\u00edrito Santo [&hellip;]<\/p>\n","protected":false},"author":2,"featured_media":122072,"comment_status":"open","ping_status":"closed","sticky":false,"template":"","format":"standard","meta":[],"categories":[29,17],"tags":[2397],"_links":{"self":[{"href":"https:\/\/www.barragrande24horas.com.br\/v1\/wp-json\/wp\/v2\/posts\/122071"}],"collection":[{"href":"https:\/\/www.barragrande24horas.com.br\/v1\/wp-json\/wp\/v2\/posts"}],"about":[{"href":"https:\/\/www.barragrande24horas.com.br\/v1\/wp-json\/wp\/v2\/types\/post"}],"author":[{"embeddable":true,"href":"https:\/\/www.barragrande24horas.com.br\/v1\/wp-json\/wp\/v2\/users\/2"}],"replies":[{"embeddable":true,"href":"https:\/\/www.barragrande24horas.com.br\/v1\/wp-json\/wp\/v2\/comments?post=122071"}],"version-history":[{"count":2,"href":"https:\/\/www.barragrande24horas.com.br\/v1\/wp-json\/wp\/v2\/posts\/122071\/revisions"}],"predecessor-version":[{"id":122074,"href":"https:\/\/www.barragrande24horas.com.br\/v1\/wp-json\/wp\/v2\/posts\/122071\/revisions\/122074"}],"wp:featuredmedia":[{"embeddable":true,"href":"https:\/\/www.barragrande24horas.com.br\/v1\/wp-json\/wp\/v2\/media\/122072"}],"wp:attachment":[{"href":"https:\/\/www.barragrande24horas.com.br\/v1\/wp-json\/wp\/v2\/media?parent=122071"}],"wp:term":[{"taxonomy":"category","embeddable":true,"href":"https:\/\/www.barragrande24horas.com.br\/v1\/wp-json\/wp\/v2\/categories?post=122071"},{"taxonomy":"post_tag","embeddable":true,"href":"https:\/\/www.barragrande24horas.com.br\/v1\/wp-json\/wp\/v2\/tags?post=122071"}],"curies":[{"name":"wp","href":"https:\/\/api.w.org\/{rel}","templated":true}]}}