{"id":120677,"date":"2020-01-14T15:29:16","date_gmt":"2020-01-14T18:29:16","guid":{"rendered":"http:\/\/www.barragrande24horas.com.br\/v1\/?p=120677"},"modified":"2020-01-14T15:29:16","modified_gmt":"2020-01-14T18:29:16","slug":"guig-ghetto-vai-comandar-primeira-noite-da-festa-de-sao-sebastiao-em-marau","status":"publish","type":"post","link":"https:\/\/www.barragrande24horas.com.br\/v1\/2020\/01\/14\/guig-ghetto-vai-comandar-primeira-noite-da-festa-de-sao-sebastiao-em-marau\/","title":{"rendered":"Guig Ghetto vai comandar primeira noite da festa de S\u00e3o Sebasti\u00e3o em Mara\u00fa"},"content":{"rendered":"<p><img loading=\"lazy\" class=\" wp-image-120678 aligncenter\" src=\"http:\/\/www.barragrande24horas.com.br\/v1\/wp-content\/uploads\/2020\/01\/images.jpg\" alt=\"\" width=\"582\" height=\"384\" srcset=\"https:\/\/www.barragrande24horas.com.br\/v1\/wp-content\/uploads\/2020\/01\/images.jpg 682w, https:\/\/www.barragrande24horas.com.br\/v1\/wp-content\/uploads\/2020\/01\/images-300x198.jpg 300w\" sizes=\"(max-width: 582px) 100vw, 582px\" \/><\/p>\n<p>Nessa sexta, dia 17 de janeiro, Falc\u00e3o Guig e sua banda pegam a estrada e seguem para animar o p\u00fablico de Mara\u00fa, no sul do estado. Por l\u00e1, acontece a \u201cFesta de S\u00e3o Sebasti\u00e3o\u201d, que j\u00e1 \u00e9 assunto em toda a regi\u00e3o. No s\u00e1bado, dia 18, ser\u00e1 a vez da Guig animar o \u201cAdustina Fest\u201d, que acontece na cidade de Adustina, localizada na divisa entra a Bahia e Sergipe.<\/p>\n<p>J\u00e1 no domingo (19), a banda segue para animar a galera de Novo Triunfo, no semi-\u00e1rido baiano. Para os shows, o grupo est\u00e1 preparando um setlist bem ecl\u00e9tico, com grandes hits do pagode, al\u00e9m de sucessos do novo CD, incluindo a atual m\u00fasica de trabalho, \u201cSom de Pared\u00e3o\u201d. (O Xarope)<\/p>\n<p>A festa do padroeiro \u00e9 uma realiza\u00e7\u00e3o da Prefeitura de Mara\u00fa. Al\u00e9m da Guig, Trio Da Huanna e Tierry tamb\u00e9m ir\u00e3o animar os 3 dias de festa.&nbsp;<\/p>\n","protected":false},"excerpt":{"rendered":"<p>Nessa sexta, dia 17 de janeiro, Falc\u00e3o Guig e sua banda pegam a estrada e seguem para animar o p\u00fablico de Mara\u00fa, no sul do estado. Por l\u00e1, acontece a \u201cFesta de S\u00e3o Sebasti\u00e3o\u201d, que j\u00e1 \u00e9 assunto em toda a regi\u00e3o. No s\u00e1bado, dia 18, ser\u00e1 a vez da Guig animar o \u201cAdustina Fest\u201d, que acontece na cidade de Adustina, localizada na divisa entra a Bahia e Sergipe. J\u00e1 no domingo (19), a banda segue para animar a galera de Novo Triunfo, no semi-\u00e1rido baiano. Para os shows, o grupo est\u00e1 preparando um setlist bem ecl\u00e9tico, com grandes hits [&hellip;]<\/p>\n","protected":false},"author":2,"featured_media":120678,"comment_status":"closed","ping_status":"closed","sticky":false,"template":"","format":"standard","meta":[],"categories":[26,29,17,18,24,25,23,27],"tags":[2022],"_links":{"self":[{"href":"https:\/\/www.barragrande24horas.com.br\/v1\/wp-json\/wp\/v2\/posts\/120677"}],"collection":[{"href":"https:\/\/www.barragrande24horas.com.br\/v1\/wp-json\/wp\/v2\/posts"}],"about":[{"href":"https:\/\/www.barragrande24horas.com.br\/v1\/wp-json\/wp\/v2\/types\/post"}],"author":[{"embeddable":true,"href":"https:\/\/www.barragrande24horas.com.br\/v1\/wp-json\/wp\/v2\/users\/2"}],"replies":[{"embeddable":true,"href":"https:\/\/www.barragrande24horas.com.br\/v1\/wp-json\/wp\/v2\/comments?post=120677"}],"version-history":[{"count":1,"href":"https:\/\/www.barragrande24horas.com.br\/v1\/wp-json\/wp\/v2\/posts\/120677\/revisions"}],"predecessor-version":[{"id":120679,"href":"https:\/\/www.barragrande24horas.com.br\/v1\/wp-json\/wp\/v2\/posts\/120677\/revisions\/120679"}],"wp:featuredmedia":[{"embeddable":true,"href":"https:\/\/www.barragrande24horas.com.br\/v1\/wp-json\/wp\/v2\/media\/120678"}],"wp:attachment":[{"href":"https:\/\/www.barragrande24horas.com.br\/v1\/wp-json\/wp\/v2\/media?parent=120677"}],"wp:term":[{"taxonomy":"category","embeddable":true,"href":"https:\/\/www.barragrande24horas.com.br\/v1\/wp-json\/wp\/v2\/categories?post=120677"},{"taxonomy":"post_tag","embeddable":true,"href":"https:\/\/www.barragrande24horas.com.br\/v1\/wp-json\/wp\/v2\/tags?post=120677"}],"curies":[{"name":"wp","href":"https:\/\/api.w.org\/{rel}","templated":true}]}}