{"id":120271,"date":"2019-12-13T12:15:01","date_gmt":"2019-12-13T15:15:01","guid":{"rendered":"http:\/\/www.barragrande24horas.com.br\/v1\/?p=120271"},"modified":"2019-12-13T12:15:01","modified_gmt":"2019-12-13T15:15:01","slug":"decreto-de-emergencia-em-marau-cairu-itacare-ilheus-e-itubera-e-reconhecido-pelo-governo-federal","status":"publish","type":"post","link":"https:\/\/www.barragrande24horas.com.br\/v1\/2019\/12\/13\/decreto-de-emergencia-em-marau-cairu-itacare-ilheus-e-itubera-e-reconhecido-pelo-governo-federal\/","title":{"rendered":"Decreto de Emerg\u00eancia em Mara\u00fa, Cairu, Itacar\u00e9, Ilh\u00e9us e Ituber\u00e1 \u00e9 reconhecido pelo Governo Federal"},"content":{"rendered":"<p><img loading=\"lazy\" class=\" wp-image-120272 aligncenter\" src=\"http:\/\/www.barragrande24horas.com.br\/v1\/wp-content\/uploads\/2019\/12\/Ibama-registra-132-praias-do-Nordeste-atingidas-por-manchas-de-oleo-550x413.jpg\" alt=\"\" width=\"557\" height=\"418\" srcset=\"https:\/\/www.barragrande24horas.com.br\/v1\/wp-content\/uploads\/2019\/12\/Ibama-registra-132-praias-do-Nordeste-atingidas-por-manchas-de-oleo-550x413.jpg 550w, https:\/\/www.barragrande24horas.com.br\/v1\/wp-content\/uploads\/2019\/12\/Ibama-registra-132-praias-do-Nordeste-atingidas-por-manchas-de-oleo-550x413-300x225.jpg 300w\" sizes=\"(max-width: 557px) 100vw, 557px\" \/><\/p>\n<p>Do<strong> Portal Pratigi<\/strong><\/p>\n<p>O Minist\u00e9rio do Desenvolvimento Regional\/Secretaria Nacional de Prote\u00e7\u00e3o e Defesa Civil publicou na edi\u00e7\u00e3o desta sexta-feira (13), uma portaria decretando situa\u00e7\u00e3o de emerg\u00eancia nos munic\u00edpios baianos afetados pelas manchas de \u00f3leo. Leia Decreto na \u00edntegra:<\/p>\n<p>\u201cO SECRET\u00c1RIO NACIONAL DE PROTE\u00c7\u00c3O E DEFESA CIVIL, no uso da compet\u00eancia que lhe foi delegada pela Portaria Ministerial n\u00ba 1.763-A, de 07 de novembro de 2008, publicada no Di\u00e1rio Oficial da Uni\u00e3o, Se\u00e7\u00e3o 2, de 23 de dezembro de 2008, considerando o Decreto n\u00ba 19.305 de 29 de outubro de 2019, do Governo do Estado da Bahia\/BA, considerando ainda as demais informa\u00e7\u00f5es constantes no processo n\u00ba 59051.007551\/2019-60, resolve:<\/p>\n<p>Art. 1\u00ba Reconhecer, em decorr\u00eancia de DERRAMAMENTO DE PRODUTOS QU\u00cdMICOS EM AMBIENTE LACUSTRE, FLUVIAL E MARINHO, COBRADE \u2013 2.2.2.2.0, a situa\u00e7\u00e3o de emerg\u00eancia nos munic\u00edpios relacionados abaixo.<\/p>\n<p><strong><em>Belmonte, Cairu, Camamu, Canavieiras, Igrapi\u00fana, Ilh\u00e9us, Itacar\u00e9, Itaparica, Ituber\u00e1, Mara\u00fa, Nilo Pe\u00e7anha, Tapero\u00e1, Una, Uru\u00e7uca e Valen\u00e7a.<\/em><\/strong><\/p>\n<p>Art. 2\u00ba Esta portaria entra em vigor na data de sua publica\u00e7\u00e3o.<\/p>\n<p>ALEXANDRE LUCAS ALVES<\/p>\n<p>&nbsp;<\/p>\n","protected":false},"excerpt":{"rendered":"<p>Do Portal Pratigi O Minist\u00e9rio do Desenvolvimento Regional\/Secretaria Nacional de Prote\u00e7\u00e3o e Defesa Civil publicou na edi\u00e7\u00e3o desta sexta-feira (13), uma portaria decretando situa\u00e7\u00e3o de emerg\u00eancia nos munic\u00edpios baianos afetados pelas manchas de \u00f3leo. Leia Decreto na \u00edntegra: \u201cO SECRET\u00c1RIO NACIONAL DE PROTE\u00c7\u00c3O E DEFESA CIVIL, no uso da compet\u00eancia que lhe foi delegada pela Portaria Ministerial n\u00ba 1.763-A, de 07 de novembro de 2008, publicada no Di\u00e1rio Oficial da Uni\u00e3o, Se\u00e7\u00e3o 2, de 23 de dezembro de 2008, considerando o Decreto n\u00ba 19.305 de 29 de outubro de 2019, do Governo do Estado da Bahia\/BA, considerando ainda as demais [&hellip;]<\/p>\n","protected":false},"author":2,"featured_media":120272,"comment_status":"closed","ping_status":"closed","sticky":false,"template":"","format":"standard","meta":[],"categories":[8,29,17,27],"tags":[102,1911,1912,107],"_links":{"self":[{"href":"https:\/\/www.barragrande24horas.com.br\/v1\/wp-json\/wp\/v2\/posts\/120271"}],"collection":[{"href":"https:\/\/www.barragrande24horas.com.br\/v1\/wp-json\/wp\/v2\/posts"}],"about":[{"href":"https:\/\/www.barragrande24horas.com.br\/v1\/wp-json\/wp\/v2\/types\/post"}],"author":[{"embeddable":true,"href":"https:\/\/www.barragrande24horas.com.br\/v1\/wp-json\/wp\/v2\/users\/2"}],"replies":[{"embeddable":true,"href":"https:\/\/www.barragrande24horas.com.br\/v1\/wp-json\/wp\/v2\/comments?post=120271"}],"version-history":[{"count":1,"href":"https:\/\/www.barragrande24horas.com.br\/v1\/wp-json\/wp\/v2\/posts\/120271\/revisions"}],"predecessor-version":[{"id":120273,"href":"https:\/\/www.barragrande24horas.com.br\/v1\/wp-json\/wp\/v2\/posts\/120271\/revisions\/120273"}],"wp:featuredmedia":[{"embeddable":true,"href":"https:\/\/www.barragrande24horas.com.br\/v1\/wp-json\/wp\/v2\/media\/120272"}],"wp:attachment":[{"href":"https:\/\/www.barragrande24horas.com.br\/v1\/wp-json\/wp\/v2\/media?parent=120271"}],"wp:term":[{"taxonomy":"category","embeddable":true,"href":"https:\/\/www.barragrande24horas.com.br\/v1\/wp-json\/wp\/v2\/categories?post=120271"},{"taxonomy":"post_tag","embeddable":true,"href":"https:\/\/www.barragrande24horas.com.br\/v1\/wp-json\/wp\/v2\/tags?post=120271"}],"curies":[{"name":"wp","href":"https:\/\/api.w.org\/{rel}","templated":true}]}}