{"id":118959,"date":"2019-09-19T14:58:29","date_gmt":"2019-09-19T17:58:29","guid":{"rendered":"http:\/\/www.barragrande24horas.com.br\/v1\/?p=118959"},"modified":"2019-09-19T14:58:29","modified_gmt":"2019-09-19T17:58:29","slug":"pousada-barrabela-patrocinadora-oficial-do-garota-peninsula-de-marau","status":"publish","type":"post","link":"https:\/\/www.barragrande24horas.com.br\/v1\/2019\/09\/19\/pousada-barrabela-patrocinadora-oficial-do-garota-peninsula-de-marau\/","title":{"rendered":"Pousada Barrabela patrocinadora oficial do Garota Pen\u00ednsula de Mara\u00fa"},"content":{"rendered":"<p><img loading=\"lazy\" class=\" wp-image-118971 aligncenter\" src=\"http:\/\/www.barragrande24horas.com.br\/v1\/wp-content\/uploads\/2019\/09\/WhatsApp-Image-2019-09-19-at-14.57.27.jpeg\" alt=\"\" width=\"581\" height=\"348\" srcset=\"https:\/\/www.barragrande24horas.com.br\/v1\/wp-content\/uploads\/2019\/09\/WhatsApp-Image-2019-09-19-at-14.57.27.jpeg 1081w, https:\/\/www.barragrande24horas.com.br\/v1\/wp-content\/uploads\/2019\/09\/WhatsApp-Image-2019-09-19-at-14.57.27-300x180.jpeg 300w, https:\/\/www.barragrande24horas.com.br\/v1\/wp-content\/uploads\/2019\/09\/WhatsApp-Image-2019-09-19-at-14.57.27-768x460.jpeg 768w, https:\/\/www.barragrande24horas.com.br\/v1\/wp-content\/uploads\/2019\/09\/WhatsApp-Image-2019-09-19-at-14.57.27-1024x613.jpeg 1024w\" sizes=\"(max-width: 581px) 100vw, 581px\" \/><\/p>\n<p>A Pousada BarraBela em Barra Grande, \u00e9 tamb\u00e9m mais uma patrocinadora oficial do Garota e Garoto Pen\u00ednsula de Mara\u00fa. A aquipe organizadora agradece mais uma vez o apoio dos empres\u00e1rios Nilza Vicente e Dudu, que pelo terceiro ano seguido, est\u00e3o apoiando o concurso.<\/p>\n<p>O desfile tem a realiza\u00e7\u00e3o de Darlim (Portal Barra Grande 24 Horas) do Diretor de Eventos, Anderson Muniz e de Jamile Sena, com apoio da Prefeitura de Mara\u00fa e In9pro. O desile acontece no dia 21 de setembro.<\/p>\n","protected":false},"excerpt":{"rendered":"<p>A Pousada BarraBela em Barra Grande, \u00e9 tamb\u00e9m mais uma patrocinadora oficial do Garota e Garoto Pen\u00ednsula de Mara\u00fa. A aquipe organizadora agradece mais uma vez o apoio dos empres\u00e1rios Nilza Vicente e Dudu, que pelo terceiro ano seguido, est\u00e3o apoiando o concurso. O desfile tem a realiza\u00e7\u00e3o de Darlim (Portal Barra Grande 24 Horas) do Diretor de Eventos, Anderson Muniz e de Jamile Sena, com apoio da Prefeitura de Mara\u00fa e In9pro. O desile acontece no dia 21 de setembro.<\/p>\n","protected":false},"author":2,"featured_media":118971,"comment_status":"closed","ping_status":"open","sticky":false,"template":"","format":"standard","meta":[],"categories":[26,29,17,18,27,28],"tags":[1602],"_links":{"self":[{"href":"https:\/\/www.barragrande24horas.com.br\/v1\/wp-json\/wp\/v2\/posts\/118959"}],"collection":[{"href":"https:\/\/www.barragrande24horas.com.br\/v1\/wp-json\/wp\/v2\/posts"}],"about":[{"href":"https:\/\/www.barragrande24horas.com.br\/v1\/wp-json\/wp\/v2\/types\/post"}],"author":[{"embeddable":true,"href":"https:\/\/www.barragrande24horas.com.br\/v1\/wp-json\/wp\/v2\/users\/2"}],"replies":[{"embeddable":true,"href":"https:\/\/www.barragrande24horas.com.br\/v1\/wp-json\/wp\/v2\/comments?post=118959"}],"version-history":[{"count":1,"href":"https:\/\/www.barragrande24horas.com.br\/v1\/wp-json\/wp\/v2\/posts\/118959\/revisions"}],"predecessor-version":[{"id":118972,"href":"https:\/\/www.barragrande24horas.com.br\/v1\/wp-json\/wp\/v2\/posts\/118959\/revisions\/118972"}],"wp:featuredmedia":[{"embeddable":true,"href":"https:\/\/www.barragrande24horas.com.br\/v1\/wp-json\/wp\/v2\/media\/118971"}],"wp:attachment":[{"href":"https:\/\/www.barragrande24horas.com.br\/v1\/wp-json\/wp\/v2\/media?parent=118959"}],"wp:term":[{"taxonomy":"category","embeddable":true,"href":"https:\/\/www.barragrande24horas.com.br\/v1\/wp-json\/wp\/v2\/categories?post=118959"},{"taxonomy":"post_tag","embeddable":true,"href":"https:\/\/www.barragrande24horas.com.br\/v1\/wp-json\/wp\/v2\/tags?post=118959"}],"curies":[{"name":"wp","href":"https:\/\/api.w.org\/{rel}","templated":true}]}}