{"id":118929,"date":"2019-09-17T00:10:58","date_gmt":"2019-09-17T03:10:58","guid":{"rendered":"http:\/\/www.barragrande24horas.com.br\/v1\/?p=118929"},"modified":"2019-09-17T00:10:58","modified_gmt":"2019-09-17T03:10:58","slug":"supermecado-casa-nova-e-duda-mendonca-patrocinadores-oficiais-do-garoto-e-garota-peninsula-de-marau","status":"publish","type":"post","link":"https:\/\/www.barragrande24horas.com.br\/v1\/2019\/09\/17\/supermecado-casa-nova-e-duda-mendonca-patrocinadores-oficiais-do-garoto-e-garota-peninsula-de-marau\/","title":{"rendered":"Supermecado Casa Nova e Duda Mendon\u00e7a patrocinadores oficiais do Garoto e Garota Pen\u00ednsula de Mara\u00fa"},"content":{"rendered":"<p><img loading=\"lazy\" class=\" wp-image-118932 aligncenter\" src=\"http:\/\/www.barragrande24horas.com.br\/v1\/wp-content\/uploads\/2019\/09\/WhatsApp-Image-2019-09-17-at-00.09.43.jpeg\" alt=\"\" width=\"565\" height=\"323\" srcset=\"https:\/\/www.barragrande24horas.com.br\/v1\/wp-content\/uploads\/2019\/09\/WhatsApp-Image-2019-09-17-at-00.09.43.jpeg 1169w, https:\/\/www.barragrande24horas.com.br\/v1\/wp-content\/uploads\/2019\/09\/WhatsApp-Image-2019-09-17-at-00.09.43-300x171.jpeg 300w, https:\/\/www.barragrande24horas.com.br\/v1\/wp-content\/uploads\/2019\/09\/WhatsApp-Image-2019-09-17-at-00.09.43-768x439.jpeg 768w, https:\/\/www.barragrande24horas.com.br\/v1\/wp-content\/uploads\/2019\/09\/WhatsApp-Image-2019-09-17-at-00.09.43-1024x585.jpeg 1024w\" sizes=\"(max-width: 565px) 100vw, 565px\" \/><\/p>\n<p>O empres\u00e1rio Ant\u00f4nio do Supermecado Casa Nova e Duda Mendon\u00e7a tamb\u00e9m s\u00e3o patrocinadores oficiais do Garota e Garoto Pen\u00ednsula de Mara\u00fa.&nbsp;O desfile tem a realiza\u00e7\u00e3o de Darlim (Portal Barra Grande 24 Horas) do Diretor de Eventos, Anderson Muniz e de Jamile Sena, com apoio da Prefeitura de Mara\u00fa e In9pro. O desile acontece nos dias 21 e 22 de setembro.<\/p>\n","protected":false},"excerpt":{"rendered":"<p>O empres\u00e1rio Ant\u00f4nio do Supermecado Casa Nova e Duda Mendon\u00e7a tamb\u00e9m s\u00e3o patrocinadores oficiais do Garota e Garoto Pen\u00ednsula de Mara\u00fa.&nbsp;O desfile tem a realiza\u00e7\u00e3o de Darlim (Portal Barra Grande 24 Horas) do Diretor de Eventos, Anderson Muniz e de Jamile Sena, com apoio da Prefeitura de Mara\u00fa e In9pro. O desile acontece nos dias 21 e 22 de setembro.<\/p>\n","protected":false},"author":2,"featured_media":118932,"comment_status":"closed","ping_status":"open","sticky":false,"template":"","format":"standard","meta":[],"categories":[8,29,17,19],"tags":[1589],"_links":{"self":[{"href":"https:\/\/www.barragrande24horas.com.br\/v1\/wp-json\/wp\/v2\/posts\/118929"}],"collection":[{"href":"https:\/\/www.barragrande24horas.com.br\/v1\/wp-json\/wp\/v2\/posts"}],"about":[{"href":"https:\/\/www.barragrande24horas.com.br\/v1\/wp-json\/wp\/v2\/types\/post"}],"author":[{"embeddable":true,"href":"https:\/\/www.barragrande24horas.com.br\/v1\/wp-json\/wp\/v2\/users\/2"}],"replies":[{"embeddable":true,"href":"https:\/\/www.barragrande24horas.com.br\/v1\/wp-json\/wp\/v2\/comments?post=118929"}],"version-history":[{"count":2,"href":"https:\/\/www.barragrande24horas.com.br\/v1\/wp-json\/wp\/v2\/posts\/118929\/revisions"}],"predecessor-version":[{"id":118933,"href":"https:\/\/www.barragrande24horas.com.br\/v1\/wp-json\/wp\/v2\/posts\/118929\/revisions\/118933"}],"wp:featuredmedia":[{"embeddable":true,"href":"https:\/\/www.barragrande24horas.com.br\/v1\/wp-json\/wp\/v2\/media\/118932"}],"wp:attachment":[{"href":"https:\/\/www.barragrande24horas.com.br\/v1\/wp-json\/wp\/v2\/media?parent=118929"}],"wp:term":[{"taxonomy":"category","embeddable":true,"href":"https:\/\/www.barragrande24horas.com.br\/v1\/wp-json\/wp\/v2\/categories?post=118929"},{"taxonomy":"post_tag","embeddable":true,"href":"https:\/\/www.barragrande24horas.com.br\/v1\/wp-json\/wp\/v2\/tags?post=118929"}],"curies":[{"name":"wp","href":"https:\/\/api.w.org\/{rel}","templated":true}]}}