{"id":118600,"date":"2019-09-05T21:08:58","date_gmt":"2019-09-06T00:08:58","guid":{"rendered":"http:\/\/www.barragrande24horas.com.br\/v1\/?p=118600"},"modified":"2019-09-05T21:08:58","modified_gmt":"2019-09-06T00:08:58","slug":"marau-prefeita-gracinha-vai-inaugurar-mais-uma-escola-na-zona-rural-nesta-segunda-feira-dia-09","status":"publish","type":"post","link":"https:\/\/www.barragrande24horas.com.br\/v1\/2019\/09\/05\/marau-prefeita-gracinha-vai-inaugurar-mais-uma-escola-na-zona-rural-nesta-segunda-feira-dia-09\/","title":{"rendered":"Mara\u00fa: Prefeita Gracinha vai inaugurar mais uma escola na zona rural nesta segunda-feira, dia 09"},"content":{"rendered":"<div class=\"x_VfD\">\n<div class=\"_zLbN\" data-hook=\"post-title\">\n<p><img loading=\"lazy\" class=\" wp-image-118661 aligncenter\" src=\"http:\/\/www.barragrande24horas.com.br\/v1\/wp-content\/uploads\/2019\/09\/WhatsApp-Image-2019-09-04-at-09.38.44.jpeg\" alt=\"\" width=\"589\" height=\"442\" srcset=\"https:\/\/www.barragrande24horas.com.br\/v1\/wp-content\/uploads\/2019\/09\/WhatsApp-Image-2019-09-04-at-09.38.44.jpeg 1280w, https:\/\/www.barragrande24horas.com.br\/v1\/wp-content\/uploads\/2019\/09\/WhatsApp-Image-2019-09-04-at-09.38.44-300x225.jpeg 300w, https:\/\/www.barragrande24horas.com.br\/v1\/wp-content\/uploads\/2019\/09\/WhatsApp-Image-2019-09-04-at-09.38.44-768x576.jpeg 768w, https:\/\/www.barragrande24horas.com.br\/v1\/wp-content\/uploads\/2019\/09\/WhatsApp-Image-2019-09-04-at-09.38.44-1024x768.jpeg 1024w\" sizes=\"(max-width: 589px) 100vw, 589px\" \/><\/p>\n<p class=\"_3tkn1 _208Ie blog-post-title-font eNo1q _5aNAR css-1pq57dj _1iXso _35NPL _2Dym_\">Segunda-feira(09) tem mais uma inaugura\u00e7\u00e3o. Dessa vez a Prefeitura de Mara\u00fa, atrav\u00e9s da Secretaria de Educa\u00e7\u00e3o vai realizar a inaugura\u00e7\u00e3o da nova Escola Roberto Adami de S\u00e1, na localidade do Ponto do Caf\u00e9.&nbsp;Essa ser\u00e1 a terceira escola que ser\u00e1 entregue em Mara\u00fa s\u00f3 em 2019.&nbsp;<\/p>\n<p class=\"_3tkn1 _208Ie blog-post-title-font eNo1q _5aNAR css-1pq57dj _1iXso _35NPL _2Dym_\">A Prefeita Gracinha Viana, busca incansavelmente, investir na educa\u00e7\u00e3o do munic\u00edpio e essa \u00e9 mais uma a\u00e7\u00e3o da sua gest\u00e3o, que beneficiar\u00e1 os moradores do Ponto do Caf\u00e9 e regi\u00f5es vizinhas. A inaugura\u00e7\u00e3o acontece na pr\u00f3xima segunda(09) a partir das 08h da manh\u00e3.&nbsp;<\/p>\n<\/div>\n<p style=\"text-align: center;\"><strong>ASCOM &#8211; Prefeitura de Mara\u00fa<\/strong><\/p>\n<\/div>\n","protected":false},"excerpt":{"rendered":"<p>Segunda-feira(09) tem mais uma inaugura\u00e7\u00e3o. Dessa vez a Prefeitura de Mara\u00fa, atrav\u00e9s da Secretaria de Educa\u00e7\u00e3o vai realizar a inaugura\u00e7\u00e3o da nova Escola Roberto Adami de S\u00e1, na localidade do Ponto do Caf\u00e9.&nbsp;Essa ser\u00e1 a terceira escola que ser\u00e1 entregue em Mara\u00fa s\u00f3 em 2019.&nbsp; A Prefeita Gracinha Viana, busca incansavelmente, investir na educa\u00e7\u00e3o do munic\u00edpio e essa \u00e9 mais uma a\u00e7\u00e3o da sua gest\u00e3o, que beneficiar\u00e1 os moradores do Ponto do Caf\u00e9 e regi\u00f5es vizinhas. A inaugura\u00e7\u00e3o acontece na pr\u00f3xima segunda(09) a partir das 08h da manh\u00e3.&nbsp; ASCOM &#8211; Prefeitura de Mara\u00fa<\/p>\n","protected":false},"author":2,"featured_media":118661,"comment_status":"closed","ping_status":"open","sticky":false,"template":"","format":"standard","meta":[],"categories":[29,17,19],"tags":[1540,1539],"_links":{"self":[{"href":"https:\/\/www.barragrande24horas.com.br\/v1\/wp-json\/wp\/v2\/posts\/118600"}],"collection":[{"href":"https:\/\/www.barragrande24horas.com.br\/v1\/wp-json\/wp\/v2\/posts"}],"about":[{"href":"https:\/\/www.barragrande24horas.com.br\/v1\/wp-json\/wp\/v2\/types\/post"}],"author":[{"embeddable":true,"href":"https:\/\/www.barragrande24horas.com.br\/v1\/wp-json\/wp\/v2\/users\/2"}],"replies":[{"embeddable":true,"href":"https:\/\/www.barragrande24horas.com.br\/v1\/wp-json\/wp\/v2\/comments?post=118600"}],"version-history":[{"count":2,"href":"https:\/\/www.barragrande24horas.com.br\/v1\/wp-json\/wp\/v2\/posts\/118600\/revisions"}],"predecessor-version":[{"id":118662,"href":"https:\/\/www.barragrande24horas.com.br\/v1\/wp-json\/wp\/v2\/posts\/118600\/revisions\/118662"}],"wp:featuredmedia":[{"embeddable":true,"href":"https:\/\/www.barragrande24horas.com.br\/v1\/wp-json\/wp\/v2\/media\/118661"}],"wp:attachment":[{"href":"https:\/\/www.barragrande24horas.com.br\/v1\/wp-json\/wp\/v2\/media?parent=118600"}],"wp:term":[{"taxonomy":"category","embeddable":true,"href":"https:\/\/www.barragrande24horas.com.br\/v1\/wp-json\/wp\/v2\/categories?post=118600"},{"taxonomy":"post_tag","embeddable":true,"href":"https:\/\/www.barragrande24horas.com.br\/v1\/wp-json\/wp\/v2\/tags?post=118600"}],"curies":[{"name":"wp","href":"https:\/\/api.w.org\/{rel}","templated":true}]}}