{"id":118475,"date":"2019-08-24T11:42:18","date_gmt":"2019-08-24T14:42:18","guid":{"rendered":"http:\/\/www.barragrande24horas.com.br\/v1\/?p=118475"},"modified":"2019-08-24T11:42:18","modified_gmt":"2019-08-24T14:42:18","slug":"quatro-das-vitimas-fatais-de-acidente-proximo-ao-trevo-de-urucuca-sao-identificadas","status":"publish","type":"post","link":"https:\/\/www.barragrande24horas.com.br\/v1\/2019\/08\/24\/quatro-das-vitimas-fatais-de-acidente-proximo-ao-trevo-de-urucuca-sao-identificadas\/","title":{"rendered":"Quatro das v\u00edtimas fatais de acidente pr\u00f3ximo ao trevo de Uru\u00e7uca s\u00e3o identificadas"},"content":{"rendered":"<p><img loading=\"lazy\" class=\" wp-image-118476 aligncenter\" src=\"http:\/\/www.barragrande24horas.com.br\/v1\/wp-content\/uploads\/2019\/08\/vitimas-acidente-br-101-1-768x462.jpg\" alt=\"\" width=\"587\" height=\"353\" srcset=\"https:\/\/www.barragrande24horas.com.br\/v1\/wp-content\/uploads\/2019\/08\/vitimas-acidente-br-101-1-768x462.jpg 768w, https:\/\/www.barragrande24horas.com.br\/v1\/wp-content\/uploads\/2019\/08\/vitimas-acidente-br-101-1-768x462-300x180.jpg 300w\" sizes=\"(max-width: 587px) 100vw, 587px\" \/><\/p>\n<p>Quatro das cinco v\u00edtimas fatais do&nbsp;<a href=\"https:\/\/www.giroemipiau1.com.br\/2019\/08\/22\/colisao-entre-onibus-e-carreta-na-br-101-proximo-ao-trevo-de-urucuca-deixa-mortos-e-feridos\/\" target=\"_blank\" rel=\"noopener noreferrer\"><strong>acidente na noite de quinta-feira, 22, na BR-101<\/strong><\/a>, j\u00e1 foram identificadas. Uma delas, Jorge Eduardo, 47, fazia o Curso EAD de Pedagogia, no Campus da Uneb de Ipia\u00fa, e veio at\u00e9 a cidade para fazer uma prova. Al\u00e9m de Jorge, j\u00e1 foram identificados o motorista, Carlos J\u00fanior, 50, morador do distrito de Banco da Vit\u00f3ria, em Ilh\u00e9us, o estudante Jos\u00e9 Gutemberg Dias, 23, morador de Ilh\u00e9us e que retornava de Jequi\u00e9, onde estudava, e Jociane Silva dos Santos, 25, de Itapitanga, ia encontrar com a m\u00e3e em Ilh\u00e9us que tinha chegado do Esp\u00edrito Santo. A identidade da quinta v\u00edtima ainda n\u00e3o foi revelada.<\/p>\n<p>Testemunhas relataram que o \u00f4nibus seguia na rodovia e a carreta surgiu na contram\u00e3o, ap\u00f3s uma ultrapassagem proibida. O motorista do \u00f4nibus tentou desviar, mas ainda assim ocorreu a batida. O condutor da carreta e o ajudante teriam sofrido escoria\u00e7\u00f5es leves, mas n\u00e3o foram encontrados no local.<\/p>\n<div class=\"entry-content\">\n<p>Outras dez pessoas ficaram feridas e foram socorridas para o Hospital de Base de Itabuna, uma delas ficou em observa\u00e7\u00e3o. O coletivo saiu de Jequi\u00e9 \u00e0s 18h15 de quinta-feira (22) e seguia com destino \u00e0 Ilh\u00e9us, via Itabuna. O acidente ocorreu por volta das 20h30 nas proximidades do trevo de acesso \u00e0 cidade de Uru\u00e7uca. (Giro Ipia\u00fa)<\/p>\n<\/div>\n<div class=\"well well-sm\">\n<div class=\"social\">\n<div id=\"st-19\" class=\"sharethis-inline-share-buttons st-justified st-lang-pt st-has-labels  st-inline-share-buttons st-animated\" data-title=\"Quatro das v\u00edtimas fatais de acidente pr\u00f3ximo ao trevo de Uru\u00e7uca s\u00e3o identificadas\" data-url=\"https:\/\/www.giroemipiau1.com.br\/2019\/08\/23\/quatro-das-vitimas-fatais-de-acidente-proximo-ao-trevo-de-urucuca-sao-identificadas\/\">\n<div class=\"st-total \">&nbsp;<\/div>\n<\/div>\n<\/div>\n<\/div>\n","protected":false},"excerpt":{"rendered":"<p>Quatro das cinco v\u00edtimas fatais do&nbsp;acidente na noite de quinta-feira, 22, na BR-101, j\u00e1 foram identificadas. Uma delas, Jorge Eduardo, 47, fazia o Curso EAD de Pedagogia, no Campus da Uneb de Ipia\u00fa, e veio at\u00e9 a cidade para fazer uma prova. Al\u00e9m de Jorge, j\u00e1 foram identificados o motorista, Carlos J\u00fanior, 50, morador do distrito de Banco da Vit\u00f3ria, em Ilh\u00e9us, o estudante Jos\u00e9 Gutemberg Dias, 23, morador de Ilh\u00e9us e que retornava de Jequi\u00e9, onde estudava, e Jociane Silva dos Santos, 25, de Itapitanga, ia encontrar com a m\u00e3e em Ilh\u00e9us que tinha chegado do Esp\u00edrito Santo. A [&hellip;]<\/p>\n","protected":false},"author":2,"featured_media":118476,"comment_status":"closed","ping_status":"open","sticky":false,"template":"","format":"standard","meta":[],"categories":[8,29,17,20],"tags":[1517],"_links":{"self":[{"href":"https:\/\/www.barragrande24horas.com.br\/v1\/wp-json\/wp\/v2\/posts\/118475"}],"collection":[{"href":"https:\/\/www.barragrande24horas.com.br\/v1\/wp-json\/wp\/v2\/posts"}],"about":[{"href":"https:\/\/www.barragrande24horas.com.br\/v1\/wp-json\/wp\/v2\/types\/post"}],"author":[{"embeddable":true,"href":"https:\/\/www.barragrande24horas.com.br\/v1\/wp-json\/wp\/v2\/users\/2"}],"replies":[{"embeddable":true,"href":"https:\/\/www.barragrande24horas.com.br\/v1\/wp-json\/wp\/v2\/comments?post=118475"}],"version-history":[{"count":1,"href":"https:\/\/www.barragrande24horas.com.br\/v1\/wp-json\/wp\/v2\/posts\/118475\/revisions"}],"predecessor-version":[{"id":118477,"href":"https:\/\/www.barragrande24horas.com.br\/v1\/wp-json\/wp\/v2\/posts\/118475\/revisions\/118477"}],"wp:featuredmedia":[{"embeddable":true,"href":"https:\/\/www.barragrande24horas.com.br\/v1\/wp-json\/wp\/v2\/media\/118476"}],"wp:attachment":[{"href":"https:\/\/www.barragrande24horas.com.br\/v1\/wp-json\/wp\/v2\/media?parent=118475"}],"wp:term":[{"taxonomy":"category","embeddable":true,"href":"https:\/\/www.barragrande24horas.com.br\/v1\/wp-json\/wp\/v2\/categories?post=118475"},{"taxonomy":"post_tag","embeddable":true,"href":"https:\/\/www.barragrande24horas.com.br\/v1\/wp-json\/wp\/v2\/tags?post=118475"}],"curies":[{"name":"wp","href":"https:\/\/api.w.org\/{rel}","templated":true}]}}