{"id":118469,"date":"2019-08-23T01:27:05","date_gmt":"2019-08-23T04:27:05","guid":{"rendered":"http:\/\/www.barragrande24horas.com.br\/v1\/?p=118469"},"modified":"2019-08-23T01:27:05","modified_gmt":"2019-08-23T04:27:05","slug":"acidente-entre-onibus-da-viacao-cidade-sol-e-caminhao-deixa-mortos-e-feridos-na-br-101-em-urucuca","status":"publish","type":"post","link":"https:\/\/www.barragrande24horas.com.br\/v1\/2019\/08\/23\/acidente-entre-onibus-da-viacao-cidade-sol-e-caminhao-deixa-mortos-e-feridos-na-br-101-em-urucuca\/","title":{"rendered":"Acidente entre \u00f4nibus da Via\u00e7\u00e3o Cidade Sol e caminh\u00e3o deixa mortos e feridos na BR-101, em Uru\u00e7uca"},"content":{"rendered":"<p><iframe loading=\"lazy\" title=\"\u00d4nibus e Carreta colidem na BR-101\" width=\"1200\" height=\"675\" src=\"https:\/\/www.youtube.com\/embed\/VhF7kI2sbIk?feature=oembed\" frameborder=\"0\" allow=\"accelerometer; autoplay; clipboard-write; encrypted-media; gyroscope; picture-in-picture\" allowfullscreen><\/iframe><\/p>\n<p>De acordo com o Site Giro em Ipia\u00fa, uma colis\u00e3o entre uma carreta carregada de paletes e um \u00f4nibus na BR-101, na noite dessa quinta-feira, 22, deixou v\u00e1rios feridos e um n\u00famero de mortos ainda n\u00e3o contabilizado oficialmente. De acordo com as informa\u00e7\u00f5es preliminares, o choque entre os ve\u00edculos ocorreu nas imedia\u00e7\u00f5es do Posto Santo Ant\u00f4nio, trecho da rodovia entre o trevo de Uru\u00e7uca e o munic\u00edpio de Itabuna.<\/p>\n<p><iframe loading=\"lazy\" title=\"\u00d4nibus e Carreta colidem na BR-101\" width=\"1200\" height=\"675\" src=\"https:\/\/www.youtube.com\/embed\/VhF7kI2sbIk?feature=oembed\" frameborder=\"0\" allow=\"accelerometer; autoplay; clipboard-write; encrypted-media; gyroscope; picture-in-picture\" allowfullscreen><\/iframe><\/p>\n<p>A carreta tombou no acostamento da rodovia e pegou fogo. J\u00e1 o \u00f4nibus parou \u00e0s margens da BR-101. Informa\u00e7\u00f5es extra-oficiais apontam para ao menos quatro mortos e cinco pessoas presas \u00e0s ferragens. Ambul\u00e2ncias e viaturas do Samu&nbsp; e do Corpo de Bombeiros foram deslocadas para o local do acidente.<\/p>\n<p><img loading=\"lazy\" class=\" wp-image-118470 aligncenter\" src=\"http:\/\/www.barragrande24horas.com.br\/v1\/wp-content\/uploads\/2019\/08\/001-88.jpg\" alt=\"\" width=\"574\" height=\"359\" srcset=\"https:\/\/www.barragrande24horas.com.br\/v1\/wp-content\/uploads\/2019\/08\/001-88.jpg 522w, https:\/\/www.barragrande24horas.com.br\/v1\/wp-content\/uploads\/2019\/08\/001-88-300x187.jpg 300w\" sizes=\"(max-width: 574px) 100vw, 574px\" \/><\/p>\n<p>Segundo apurou o GIRO, o \u00f4nibus da Via\u00e7\u00e3o Cidade Sol saiu de Jequi\u00e9 \u00e1s 18h15 e seguia com destino a Ilh\u00e9us, via Itabuna. N\u00e3o foi informado quantos passageiros viajavam no coletivo no momento do acidente. Em instantes mais informa\u00e7\u00f5es.<\/p>\n","protected":false},"excerpt":{"rendered":"<p>De acordo com o Site Giro em Ipia\u00fa, uma colis\u00e3o entre uma carreta carregada de paletes e um \u00f4nibus na BR-101, na noite dessa quinta-feira, 22, deixou v\u00e1rios feridos e um n\u00famero de mortos ainda n\u00e3o contabilizado oficialmente. De acordo com as informa\u00e7\u00f5es preliminares, o choque entre os ve\u00edculos ocorreu nas imedia\u00e7\u00f5es do Posto Santo Ant\u00f4nio, trecho da rodovia entre o trevo de Uru\u00e7uca e o munic\u00edpio de Itabuna. A carreta tombou no acostamento da rodovia e pegou fogo. J\u00e1 o \u00f4nibus parou \u00e0s margens da BR-101. Informa\u00e7\u00f5es extra-oficiais apontam para ao menos quatro mortos e cinco pessoas presas \u00e0s [&hellip;]<\/p>\n","protected":false},"author":2,"featured_media":118470,"comment_status":"closed","ping_status":"open","sticky":false,"template":"","format":"standard","meta":[],"categories":[8,29,17,20],"tags":[1515],"_links":{"self":[{"href":"https:\/\/www.barragrande24horas.com.br\/v1\/wp-json\/wp\/v2\/posts\/118469"}],"collection":[{"href":"https:\/\/www.barragrande24horas.com.br\/v1\/wp-json\/wp\/v2\/posts"}],"about":[{"href":"https:\/\/www.barragrande24horas.com.br\/v1\/wp-json\/wp\/v2\/types\/post"}],"author":[{"embeddable":true,"href":"https:\/\/www.barragrande24horas.com.br\/v1\/wp-json\/wp\/v2\/users\/2"}],"replies":[{"embeddable":true,"href":"https:\/\/www.barragrande24horas.com.br\/v1\/wp-json\/wp\/v2\/comments?post=118469"}],"version-history":[{"count":1,"href":"https:\/\/www.barragrande24horas.com.br\/v1\/wp-json\/wp\/v2\/posts\/118469\/revisions"}],"predecessor-version":[{"id":118471,"href":"https:\/\/www.barragrande24horas.com.br\/v1\/wp-json\/wp\/v2\/posts\/118469\/revisions\/118471"}],"wp:featuredmedia":[{"embeddable":true,"href":"https:\/\/www.barragrande24horas.com.br\/v1\/wp-json\/wp\/v2\/media\/118470"}],"wp:attachment":[{"href":"https:\/\/www.barragrande24horas.com.br\/v1\/wp-json\/wp\/v2\/media?parent=118469"}],"wp:term":[{"taxonomy":"category","embeddable":true,"href":"https:\/\/www.barragrande24horas.com.br\/v1\/wp-json\/wp\/v2\/categories?post=118469"},{"taxonomy":"post_tag","embeddable":true,"href":"https:\/\/www.barragrande24horas.com.br\/v1\/wp-json\/wp\/v2\/tags?post=118469"}],"curies":[{"name":"wp","href":"https:\/\/api.w.org\/{rel}","templated":true}]}}