{"id":118450,"date":"2019-08-22T01:22:15","date_gmt":"2019-08-22T04:22:15","guid":{"rendered":"http:\/\/www.barragrande24horas.com.br\/v1\/?p=118450"},"modified":"2019-08-22T01:22:15","modified_gmt":"2019-08-22T04:22:15","slug":"no-mundial-da-hungria-valdenice-representa-marau-na-disputa-da-vaga-para-olimpiada-de-toquio","status":"publish","type":"post","link":"https:\/\/www.barragrande24horas.com.br\/v1\/2019\/08\/22\/no-mundial-da-hungria-valdenice-representa-marau-na-disputa-da-vaga-para-olimpiada-de-toquio\/","title":{"rendered":"No mundial da Hungria, Valdenice representa Mara\u00fa na disputa da vaga para Olimp\u00edada de T\u00f3quio"},"content":{"rendered":"<div class=\"title\">\n<div id=\"attachment_118452\" style=\"width: 598px\" class=\"wp-caption aligncenter\"><img aria-describedby=\"caption-attachment-118452\" loading=\"lazy\" class=\" wp-image-118452\" src=\"http:\/\/www.barragrande24horas.com.br\/v1\/wp-content\/uploads\/2019\/08\/dsc06953.jpg\" alt=\"\" width=\"588\" height=\"330\" srcset=\"https:\/\/www.barragrande24horas.com.br\/v1\/wp-content\/uploads\/2019\/08\/dsc06953.jpg 1000w, https:\/\/www.barragrande24horas.com.br\/v1\/wp-content\/uploads\/2019\/08\/dsc06953-300x168.jpg 300w, https:\/\/www.barragrande24horas.com.br\/v1\/wp-content\/uploads\/2019\/08\/dsc06953-768x431.jpg 768w\" sizes=\"(max-width: 588px) 100vw, 588px\" \/><p id=\"caption-attachment-118452\" class=\"wp-caption-text\">Valdenice Concei\u00e7\u00e3o treinando em Mara\u00fa \u2014 Foto: Felipe Brisolla<\/p><\/div>\n<p>Valdenice Concei\u00e7\u00e3o \u00e9 a \u00fanica mulher&nbsp;da delega\u00e7\u00e3o ol\u00edmpica do Brasil no Mundial de canoagem em Szeged, na Hungria. A&nbsp;baiana tenta tornar-se a primeira atleta do pa\u00eds a competir na canoa ol\u00edmpica no feminino. Valdenice participa do projeto de canoagem implantado pela Prefeitura de Mara\u00fa, que atende jovens e adultos da sede do munic\u00edpio.<\/p>\n<p>Em Mara\u00fa, Valdenice reatou a vitoriosa parceria com o t\u00e9cnico Figueroa Concei\u00e7\u00e3o que foi o t\u00e9cnico de Valdenice em 2017, at\u00e9 ent\u00e3o a temporada mais vitoriosa da carreira da brasileira. Naquele ano a parceria conquistou o ouro da Copa do Mundo de Racice e o sexto lugar do Campeonato Mundial, disputado na mesma cidade.<\/p>\n<div class=\"mc-column content-text active-extra-styles \" data-block-type=\"unstyled\" data-block-weight=\"62\" data-block-id=\"5\">\n<p class=\"content-text__container \" data-track-category=\"Link no Texto\" data-track-links=\"\">Com a interrup\u00e7\u00e3o do patroc\u00ednio do BNDES \u00e0 Confedera\u00e7\u00e3o Brasileira de Canoagem (CBCa), as atividades do Centro de Treinamento de Curitiba foram encerradas em 2018. Sem se adaptar \u00e0 estrutura tempor\u00e1ria oferecida pela CBCa e pelo Comit\u00ea Ol\u00edmpico do Brasil (COB) em S\u00e3o Paulo, Valdenice passou um ano treinando sozinha na Bahia, recebendo s\u00e9ries de treinamento atrav\u00e9s de mensagens de antigos treinadores.<\/p>\n<div id=\"attachment_118451\" style=\"width: 599px\" class=\"wp-caption aligncenter\"><img aria-describedby=\"caption-attachment-118451\" loading=\"lazy\" class=\" wp-image-118451\" src=\"http:\/\/www.barragrande24horas.com.br\/v1\/wp-content\/uploads\/2019\/08\/figueroa-e-valdenice.jpg\" alt=\"\" width=\"589\" height=\"358\" srcset=\"https:\/\/www.barragrande24horas.com.br\/v1\/wp-content\/uploads\/2019\/08\/figueroa-e-valdenice.jpg 1000w, https:\/\/www.barragrande24horas.com.br\/v1\/wp-content\/uploads\/2019\/08\/figueroa-e-valdenice-300x182.jpg 300w, https:\/\/www.barragrande24horas.com.br\/v1\/wp-content\/uploads\/2019\/08\/figueroa-e-valdenice-768x467.jpg 768w\" sizes=\"(max-width: 589px) 100vw, 589px\" \/><p id=\"caption-attachment-118451\" class=\"wp-caption-text\">Figueroa Concei\u00e7\u00e3o e Valdenice Concei\u00e7\u00e3o \u2014 Foto: Reprodu\u00e7\u00e3o \/ Rogerio Romera \/ TV Globo<\/p><\/div>\n<p>&nbsp;<\/p>\n<\/div>\n<div class=\"content-ads content-ads--reveal\" data-block-type=\"ads\" data-block-id=\"6\">\n<div id=\"banner_materia2\" class=\"tag-manager-publicidade-container mc-has-reveal mc-has-ad-lazyload tag-manager-publicidade-banner_materia2 tag-manager-publicidade-container--carregado tag-manager-publicidade-container--visivel\" data-id=\"banner_materia2\" data-google-query-id=\"CN3qyZrMleQCFRUaAQod6CEE3Q\" data-cid=\"138283966858\" data-lid=\"5142202980\">Neste meio tempo, Figueroa foi contratado pela prefeitura de Mara\u00fa, para iniciar um polo de canoagem. Chamou Valdenice para treinar novamente com ele usando a estrutura e pediu ajuda a \u201cSeu Afonso\u201d, um dos membros da fam\u00edlia real no Brasil. O empres\u00e1rio se disp\u00f4s a bancar a moradia de Valdenice, que deixou a fam\u00edlia em Itacar\u00e9 para abra\u00e7ar o projeto.<\/div>\n<\/div>\n<\/div>\n<div data-id=\"banner_materia2\" data-google-query-id=\"CN3qyZrMleQCFRUaAQod6CEE3Q\" data-cid=\"138283966858\" data-lid=\"5142202980\">&nbsp;<\/div>\n<div data-id=\"banner_materia2\" data-google-query-id=\"CN3qyZrMleQCFRUaAQod6CEE3Q\" data-cid=\"138283966858\" data-lid=\"5142202980\">\n<div class=\"mc-column content-text active-extra-styles \" data-block-type=\"unstyled\" data-block-weight=\"65\" data-block-id=\"9\">\n<blockquote>\n<p class=\"content-text__container \" data-track-category=\"Link no Texto\" data-track-links=\"\">&#8211; Tentamos um plano B em S\u00e3o Paulo, mas n\u00e3o foi nada do que foi planejado. Nada que falaram aconteceu l\u00e1. Estrutura, treinador, sal\u00e1rio. N\u00e3o aceitei e voltei para a Bahia. Treinei sozinha, fui para o Mundial em Portugal, fui a 11\u00aa do mundo. \u00c9 muito complicado quando voc\u00ea n\u00e3o tem acompanhamento, mas quando voc\u00ea tem for\u00e7a de vontade, garra, isso \u00e9 s\u00f3 um obst\u00e1culo.<\/p>\n<\/blockquote>\n<\/div>\n<div class=\"mc-column content-text active-extra-styles \" data-block-type=\"unstyled\" data-block-weight=\"69\" data-block-id=\"10\">\n<blockquote>\n<p class=\"content-text__container \" data-track-category=\"Link no Texto\" data-track-links=\"\">&#8211; Agora com o Figueroa melhorou. Vou subir mais um pouquinho, gra\u00e7as a Deus. Deu para recuperar uma grande parte (do preju\u00edzo) a meu ver. Nossa for\u00e7a de vontade com certeza levantou muito nosso astral. Com o acompanhamento de t\u00e9cnico e a consci\u00eancia de treinamento que ele tem, com o potencial que eu tenho, ele sabe conciliar isso muito bem. Acho que est\u00e1 dando certo \u2013 disse Valdenice.<\/p>\n<\/blockquote>\n<\/div>\n<div class=\"row medium-uncollapsed content-media content-photo\" data-block-type=\"backstage-photo\" data-block-id=\"11\">\n<div class=\"mc-column content-media__container\">\n<div class=\"progressive-img can-open-lightbox\" data-min-size=\"1008x565\" data-min-size-url=\"https:\/\/s2.glbimg.com\/T7waz8RFgyV5jUdsaHMG5q7sMW0=\/0x0:3008x1688\/1008x0\/smart\/filters:strip_icc()\/s.glbimg.com\/es\/ge\/f\/original\/2019\/03\/16\/dsc06953.jpg\" data-max-size=\"1600x897\" data-max-size-url=\"https:\/\/s2.glbimg.com\/YhE9xMoqm1KZDcUoPvkUDiTYj7Q=\/0x0:3008x1688\/1600x0\/smart\/filters:strip_icc()\/s.glbimg.com\/es\/ge\/f\/original\/2019\/03\/16\/dsc06953.jpg\" data-media-index=\"2\">\n<div class=\"placeholder-container\">Figueroa tamb\u00e9m ri de orelha a orelha com a evolu\u00e7\u00e3o da pupila. Diz que, quando retomou o trabalho, no in\u00edcio do ano, a baiana estava cobrindo o C1 200m na casa de 54 segundos, tempo pouco competitivo a n\u00edvel mundial. Mas que rapidamente ela assimilou as instru\u00e7\u00f5es e melhorou.<\/div>\n<\/div>\n<\/div>\n<\/div>\n<div class=\"mc-column content-text active-extra-styles \" data-block-type=\"unstyled\" data-block-weight=\"66\" data-block-id=\"14\">\n<p class=\"content-text__container \" data-track-category=\"Link no Texto\" data-track-links=\"\">&#8211; N\u00f3s iniciamos o ciclo com muita dificuldade, mas Mara\u00fa proporcionou o que podia. Nos Jogos Pan-Americanos ela fez 46 segundos na eliminat\u00f3ria, terminou com 48 segundos na final (foi quarta colocada). Baixou (o tempo) em oito segundos com sete meses de trabalho. Estamos otimistas para aqui. Vamos lutar de igual para igual. Se Deus quiser vamos voltar para casa classificados \u2013 disse o t\u00e9cnico.<\/p>\n<\/div>\n<div data-track-category=\"multicontent\" data-track-action=\"ultimo chunk conteudo\" data-track-noninteraction=\"false\" data-track-scroll=\"view\">\n<div class=\"mc-column content-text active-extra-styles \" data-block-type=\"unstyled\" data-block-weight=\"56\" data-block-id=\"15\">\n<p class=\"content-text__container \" data-track-category=\"Link no Texto\" data-track-links=\"\">Valdenice estreia no Mundial de Szeged \u00e0s 6h40 (hor\u00e1rio de Bras\u00edlia) desta quinta-feira. Ela ser\u00e1 a \u00faltima atleta da delega\u00e7\u00e3o ol\u00edmpica a entrar na raia em Szeged. Antes dela tamb\u00e9m competem Erlon de Souza e Isaquias Queiroz no C2 1000m e Vagner Souta no K1 1000m. O SporTV transmite o evento a partir de sexta-feira. <strong>(Por: GloboEsporte.com)<\/strong><\/p>\n<\/div>\n<\/div>\n<\/div>\n<div class=\"title\">\n<div class=\"mc-column content-text active-extra-styles \" data-block-type=\"unstyled\" data-block-weight=\"62\" data-block-id=\"5\">&nbsp;<\/div>\n<p>&nbsp;<\/p>\n<\/div>\n<div class=\"medium-centered subtitle\">&nbsp;<\/div>\n","protected":false},"excerpt":{"rendered":"<p>Valdenice Concei\u00e7\u00e3o \u00e9 a \u00fanica mulher&nbsp;da delega\u00e7\u00e3o ol\u00edmpica do Brasil no Mundial de canoagem em Szeged, na Hungria. A&nbsp;baiana tenta tornar-se a primeira atleta do pa\u00eds a competir na canoa ol\u00edmpica no feminino. Valdenice participa do projeto de canoagem implantado pela Prefeitura de Mara\u00fa, que atende jovens e adultos da sede do munic\u00edpio. Em Mara\u00fa, Valdenice reatou a vitoriosa parceria com o t\u00e9cnico Figueroa Concei\u00e7\u00e3o que foi o t\u00e9cnico de Valdenice em 2017, at\u00e9 ent\u00e3o a temporada mais vitoriosa da carreira da brasileira. Naquele ano a parceria conquistou o ouro da Copa do Mundo de Racice e o sexto lugar [&hellip;]<\/p>\n","protected":false},"author":2,"featured_media":118451,"comment_status":"closed","ping_status":"open","sticky":false,"template":"","format":"standard","meta":[],"categories":[8,26,29,17,18,19],"tags":[],"_links":{"self":[{"href":"https:\/\/www.barragrande24horas.com.br\/v1\/wp-json\/wp\/v2\/posts\/118450"}],"collection":[{"href":"https:\/\/www.barragrande24horas.com.br\/v1\/wp-json\/wp\/v2\/posts"}],"about":[{"href":"https:\/\/www.barragrande24horas.com.br\/v1\/wp-json\/wp\/v2\/types\/post"}],"author":[{"embeddable":true,"href":"https:\/\/www.barragrande24horas.com.br\/v1\/wp-json\/wp\/v2\/users\/2"}],"replies":[{"embeddable":true,"href":"https:\/\/www.barragrande24horas.com.br\/v1\/wp-json\/wp\/v2\/comments?post=118450"}],"version-history":[{"count":1,"href":"https:\/\/www.barragrande24horas.com.br\/v1\/wp-json\/wp\/v2\/posts\/118450\/revisions"}],"predecessor-version":[{"id":118453,"href":"https:\/\/www.barragrande24horas.com.br\/v1\/wp-json\/wp\/v2\/posts\/118450\/revisions\/118453"}],"wp:featuredmedia":[{"embeddable":true,"href":"https:\/\/www.barragrande24horas.com.br\/v1\/wp-json\/wp\/v2\/media\/118451"}],"wp:attachment":[{"href":"https:\/\/www.barragrande24horas.com.br\/v1\/wp-json\/wp\/v2\/media?parent=118450"}],"wp:term":[{"taxonomy":"category","embeddable":true,"href":"https:\/\/www.barragrande24horas.com.br\/v1\/wp-json\/wp\/v2\/categories?post=118450"},{"taxonomy":"post_tag","embeddable":true,"href":"https:\/\/www.barragrande24horas.com.br\/v1\/wp-json\/wp\/v2\/tags?post=118450"}],"curies":[{"name":"wp","href":"https:\/\/api.w.org\/{rel}","templated":true}]}}