{"id":118339,"date":"2019-08-16T02:13:41","date_gmt":"2019-08-16T05:13:41","guid":{"rendered":"http:\/\/www.barragrande24horas.com.br\/v1\/?p=118339"},"modified":"2019-08-16T02:13:41","modified_gmt":"2019-08-16T05:13:41","slug":"viii-conferencia-municipal-de-assistencia-social-sera-realizada-em-marau-dia-10-de-setembro","status":"publish","type":"post","link":"https:\/\/www.barragrande24horas.com.br\/v1\/2019\/08\/16\/viii-conferencia-municipal-de-assistencia-social-sera-realizada-em-marau-dia-10-de-setembro\/","title":{"rendered":"VIII Confer\u00eancia Municipal de Assist\u00eancia Social ser\u00e1 realizada em Mara\u00fa, dia 10 de Setembro"},"content":{"rendered":"<div class=\"mc-column content-text active-extra-styles active-capital-letter\" data-block-type=\"unstyled\" data-block-weight=\"59\" data-block-id=\"1\">\n<div class=\"title\">\n<h1 class=\"content-head__title\">&nbsp;<\/h1>\n<\/div>\n<div class=\"medium-centered subtitle\"><img loading=\"lazy\" class=\" wp-image-118340 aligncenter\" src=\"http:\/\/www.barragrande24horas.com.br\/v1\/wp-content\/uploads\/2019\/08\/WhatsApp-Image-2019-08-12-at-20.01.58.jpeg\" alt=\"\" width=\"588\" height=\"433\" srcset=\"https:\/\/www.barragrande24horas.com.br\/v1\/wp-content\/uploads\/2019\/08\/WhatsApp-Image-2019-08-12-at-20.01.58.jpeg 1188w, https:\/\/www.barragrande24horas.com.br\/v1\/wp-content\/uploads\/2019\/08\/WhatsApp-Image-2019-08-12-at-20.01.58-300x221.jpeg 300w, https:\/\/www.barragrande24horas.com.br\/v1\/wp-content\/uploads\/2019\/08\/WhatsApp-Image-2019-08-12-at-20.01.58-768x565.jpeg 768w, https:\/\/www.barragrande24horas.com.br\/v1\/wp-content\/uploads\/2019\/08\/WhatsApp-Image-2019-08-12-at-20.01.58-1024x753.jpeg 1024w\" sizes=\"(max-width: 588px) 100vw, 588px\" \/><\/div>\n<p class=\"content-text__container theme-color-primary-first-letter\" data-track-category=\"Link no Texto\" data-track-links=\"\">O Conselho Municipal de Assist\u00eancia Social de Mara\u00fa, atrav\u00e9s da Secretaria de Desenvolvimento Social, convida toda comunidade para participar da a VIII Confer\u00eancia Municipal de Assist\u00eancia Social. O evento acontecer\u00e1 no dia 10 de Setembro, das 9h \u00e0s 16h, no Centro de Refer\u00eancia de Assist\u00eancia Social &#8211; CRAS, localizada na Rua Caminho das \u00c1rvores, s\/n em Mara\u00fa.<\/p>\n<p class=\"content-text__container theme-color-primary-first-letter\" data-track-category=\"Link no Texto\" data-track-links=\"\">A confer\u00eancia abordar\u00e1 o tema: \u201cAssist\u00eancia Social: Direito do povo, com financiamento p\u00fablico e participa\u00e7\u00e3o social\u201d. A a\u00e7\u00e3o \u00e9 voltada para usu\u00e1rios da assist\u00eancia social, assim como os representantes de entidades e trabalhadores do SUAS.<\/p>\n<p style=\"text-align: center;\" data-track-category=\"Link no Texto\" data-track-links=\"\"><strong>ASCOM &#8211; PREFEITURA DE MARA\u00da<\/strong><\/p>\n<\/div>\n","protected":false},"excerpt":{"rendered":"<p>&nbsp; O Conselho Municipal de Assist\u00eancia Social de Mara\u00fa, atrav\u00e9s da Secretaria de Desenvolvimento Social, convida toda comunidade para participar da a VIII Confer\u00eancia Municipal de Assist\u00eancia Social. O evento acontecer\u00e1 no dia 10 de Setembro, das 9h \u00e0s 16h, no Centro de Refer\u00eancia de Assist\u00eancia Social &#8211; CRAS, localizada na Rua Caminho das \u00c1rvores, s\/n em Mara\u00fa. A confer\u00eancia abordar\u00e1 o tema: \u201cAssist\u00eancia Social: Direito do povo, com financiamento p\u00fablico e participa\u00e7\u00e3o social\u201d. A a\u00e7\u00e3o \u00e9 voltada para usu\u00e1rios da assist\u00eancia social, assim como os representantes de entidades e trabalhadores do SUAS. ASCOM &#8211; PREFEITURA DE MARA\u00da<\/p>\n","protected":false},"author":2,"featured_media":118340,"comment_status":"closed","ping_status":"open","sticky":false,"template":"","format":"standard","meta":[],"categories":[8,26,29,17,18,23,27],"tags":[1489,1488],"_links":{"self":[{"href":"https:\/\/www.barragrande24horas.com.br\/v1\/wp-json\/wp\/v2\/posts\/118339"}],"collection":[{"href":"https:\/\/www.barragrande24horas.com.br\/v1\/wp-json\/wp\/v2\/posts"}],"about":[{"href":"https:\/\/www.barragrande24horas.com.br\/v1\/wp-json\/wp\/v2\/types\/post"}],"author":[{"embeddable":true,"href":"https:\/\/www.barragrande24horas.com.br\/v1\/wp-json\/wp\/v2\/users\/2"}],"replies":[{"embeddable":true,"href":"https:\/\/www.barragrande24horas.com.br\/v1\/wp-json\/wp\/v2\/comments?post=118339"}],"version-history":[{"count":1,"href":"https:\/\/www.barragrande24horas.com.br\/v1\/wp-json\/wp\/v2\/posts\/118339\/revisions"}],"predecessor-version":[{"id":118341,"href":"https:\/\/www.barragrande24horas.com.br\/v1\/wp-json\/wp\/v2\/posts\/118339\/revisions\/118341"}],"wp:featuredmedia":[{"embeddable":true,"href":"https:\/\/www.barragrande24horas.com.br\/v1\/wp-json\/wp\/v2\/media\/118340"}],"wp:attachment":[{"href":"https:\/\/www.barragrande24horas.com.br\/v1\/wp-json\/wp\/v2\/media?parent=118339"}],"wp:term":[{"taxonomy":"category","embeddable":true,"href":"https:\/\/www.barragrande24horas.com.br\/v1\/wp-json\/wp\/v2\/categories?post=118339"},{"taxonomy":"post_tag","embeddable":true,"href":"https:\/\/www.barragrande24horas.com.br\/v1\/wp-json\/wp\/v2\/tags?post=118339"}],"curies":[{"name":"wp","href":"https:\/\/api.w.org\/{rel}","templated":true}]}}