{"id":118309,"date":"2019-08-13T15:54:27","date_gmt":"2019-08-13T18:54:27","guid":{"rendered":"http:\/\/www.barragrande24horas.com.br\/v1\/?p=118309"},"modified":"2019-08-13T15:54:27","modified_gmt":"2019-08-13T18:54:27","slug":"obras-da-requalificacao-da-ba-001-sao-iniciadas-e-beneficiam-o-turismo-no-baixo-sul","status":"publish","type":"post","link":"https:\/\/www.barragrande24horas.com.br\/v1\/2019\/08\/13\/obras-da-requalificacao-da-ba-001-sao-iniciadas-e-beneficiam-o-turismo-no-baixo-sul\/","title":{"rendered":"Obras da requalifica\u00e7\u00e3o da BA-001 s\u00e3o iniciadas e beneficiam o turismo no Baixo Sul"},"content":{"rendered":"<p><img loading=\"lazy\" class=\"size-full wp-image-118310 aligncenter\" src=\"http:\/\/www.barragrande24horas.com.br\/v1\/wp-content\/uploads\/2019\/08\/10101.jpeg\" alt=\"\" width=\"500\" height=\"332\" srcset=\"https:\/\/www.barragrande24horas.com.br\/v1\/wp-content\/uploads\/2019\/08\/10101.jpeg 500w, https:\/\/www.barragrande24horas.com.br\/v1\/wp-content\/uploads\/2019\/08\/10101-300x199.jpeg 300w\" sizes=\"(max-width: 500px) 100vw, 500px\" \/><\/p>\n<p>O governo do estado iniciou no in\u00edcio do m\u00eas a requalifica\u00e7\u00e3o da BA-001, entre os munic\u00edpio de Camamu e Valen\u00e7a, no Baixo Sul da Bahia.&nbsp;A rodovia recebe diariamente grande quantidade de carros, como: vans, \u00f4nibus intermunicipais, motociclistas e ciclistas.<\/p>\n<p>Al\u00e9m disso, a via \u00e9 um acesso importante a pontos tur\u00edsticos da Regi\u00e3o, como \u00e9 o caso do munic\u00edpio de Itacar\u00e9. O autor do projeto de indica\u00e7\u00e3o \u00e9 o deputado Dal (PP). Fonte: Bahia Noticias | Itacar\u00e9 Urgente<\/p>\n","protected":false},"excerpt":{"rendered":"<p>O governo do estado iniciou no in\u00edcio do m\u00eas a requalifica\u00e7\u00e3o da BA-001, entre os munic\u00edpio de Camamu e Valen\u00e7a, no Baixo Sul da Bahia.&nbsp;A rodovia recebe diariamente grande quantidade de carros, como: vans, \u00f4nibus intermunicipais, motociclistas e ciclistas. Al\u00e9m disso, a via \u00e9 um acesso importante a pontos tur\u00edsticos da Regi\u00e3o, como \u00e9 o caso do munic\u00edpio de Itacar\u00e9. O autor do projeto de indica\u00e7\u00e3o \u00e9 o deputado Dal (PP). Fonte: Bahia Noticias | Itacar\u00e9 Urgente<\/p>\n","protected":false},"author":2,"featured_media":118310,"comment_status":"closed","ping_status":"open","sticky":false,"template":"","format":"standard","meta":[],"categories":[8,29,17,18,21],"tags":[1479],"_links":{"self":[{"href":"https:\/\/www.barragrande24horas.com.br\/v1\/wp-json\/wp\/v2\/posts\/118309"}],"collection":[{"href":"https:\/\/www.barragrande24horas.com.br\/v1\/wp-json\/wp\/v2\/posts"}],"about":[{"href":"https:\/\/www.barragrande24horas.com.br\/v1\/wp-json\/wp\/v2\/types\/post"}],"author":[{"embeddable":true,"href":"https:\/\/www.barragrande24horas.com.br\/v1\/wp-json\/wp\/v2\/users\/2"}],"replies":[{"embeddable":true,"href":"https:\/\/www.barragrande24horas.com.br\/v1\/wp-json\/wp\/v2\/comments?post=118309"}],"version-history":[{"count":1,"href":"https:\/\/www.barragrande24horas.com.br\/v1\/wp-json\/wp\/v2\/posts\/118309\/revisions"}],"predecessor-version":[{"id":118311,"href":"https:\/\/www.barragrande24horas.com.br\/v1\/wp-json\/wp\/v2\/posts\/118309\/revisions\/118311"}],"wp:featuredmedia":[{"embeddable":true,"href":"https:\/\/www.barragrande24horas.com.br\/v1\/wp-json\/wp\/v2\/media\/118310"}],"wp:attachment":[{"href":"https:\/\/www.barragrande24horas.com.br\/v1\/wp-json\/wp\/v2\/media?parent=118309"}],"wp:term":[{"taxonomy":"category","embeddable":true,"href":"https:\/\/www.barragrande24horas.com.br\/v1\/wp-json\/wp\/v2\/categories?post=118309"},{"taxonomy":"post_tag","embeddable":true,"href":"https:\/\/www.barragrande24horas.com.br\/v1\/wp-json\/wp\/v2\/tags?post=118309"}],"curies":[{"name":"wp","href":"https:\/\/api.w.org\/{rel}","templated":true}]}}