{"id":118151,"date":"2019-08-03T16:01:53","date_gmt":"2019-08-03T19:01:53","guid":{"rendered":"http:\/\/www.barragrande24horas.com.br\/v1\/?p=118151"},"modified":"2019-08-03T16:01:53","modified_gmt":"2019-08-03T19:01:53","slug":"itubera-avanco-da-mare-cria-paredao-de-areia-na-barra-de-serinhaem","status":"publish","type":"post","link":"https:\/\/www.barragrande24horas.com.br\/v1\/2019\/08\/03\/itubera-avanco-da-mare-cria-paredao-de-areia-na-barra-de-serinhaem\/","title":{"rendered":"Ituber\u00e1: Avan\u00e7o da mar\u00e9 cria pared\u00e3o de areia na Barra de Serinha\u00e9m"},"content":{"rendered":"<p><img loading=\"lazy\" class=\" wp-image-118153 aligncenter\" src=\"http:\/\/www.barragrande24horas.com.br\/v1\/wp-content\/uploads\/2019\/08\/WhatsApp-Image-2019-08-02-at-11.57.08-768x576.jpeg\" alt=\"\" width=\"593\" height=\"445\" srcset=\"https:\/\/www.barragrande24horas.com.br\/v1\/wp-content\/uploads\/2019\/08\/WhatsApp-Image-2019-08-02-at-11.57.08-768x576.jpeg 768w, https:\/\/www.barragrande24horas.com.br\/v1\/wp-content\/uploads\/2019\/08\/WhatsApp-Image-2019-08-02-at-11.57.08-768x576-300x225.jpeg 300w\" sizes=\"(max-width: 593px) 100vw, 593px\" \/><\/p>\n<p><strong>Do Portal Pratigi<\/strong><\/p>\n<p>Todos os anos a natureza mostra sua for\u00e7a das mais variadas formas no litoral baiano. Na Barra de Serinha\u00e9m, em Ituber\u00e1, por exemplo, o avan\u00e7o da mar\u00e9 alta e o seu consequente recuo para a mar\u00e9 baixa criou um pared\u00e3o de mais de dois metros de altura na parte frontal do balne\u00e1rio. O ac\u00famulo de areia ao longo dos meses, na curva pr\u00f3xima ao atracadouro, acaba sendo quebrado pela mar\u00e9 todos os anos num ciclo natural.<\/p>\n<p>Na manh\u00e3 desta sexta-feira (2), os moradores, mesmo aqueles j\u00e1 acostumados com o evento natural se mostraram deslumbrados e at\u00e9 mesmo assustados com a for\u00e7a da mar\u00e9. As crian\u00e7as aproveitaram para contemplar \u201ca novidade\u201d e brincar nas proximidades desse pared\u00e3o, claro que com os olhos bem atentos dos adultos. Vejam.<\/p>\n<p><strong><em>Fotos: Victoria Fonseca \/ Colabora\u00e7\u00e3o: Let\u00edcia Costa<\/em><\/strong><\/p>\n","protected":false},"excerpt":{"rendered":"<p>Do Portal Pratigi Todos os anos a natureza mostra sua for\u00e7a das mais variadas formas no litoral baiano. Na Barra de Serinha\u00e9m, em Ituber\u00e1, por exemplo, o avan\u00e7o da mar\u00e9 alta e o seu consequente recuo para a mar\u00e9 baixa criou um pared\u00e3o de mais de dois metros de altura na parte frontal do balne\u00e1rio. O ac\u00famulo de areia ao longo dos meses, na curva pr\u00f3xima ao atracadouro, acaba sendo quebrado pela mar\u00e9 todos os anos num ciclo natural. Na manh\u00e3 desta sexta-feira (2), os moradores, mesmo aqueles j\u00e1 acostumados com o evento natural se mostraram deslumbrados e at\u00e9 mesmo [&hellip;]<\/p>\n","protected":false},"author":2,"featured_media":118152,"comment_status":"closed","ping_status":"open","sticky":false,"template":"","format":"standard","meta":[],"categories":[8,29,17,19],"tags":[1446],"_links":{"self":[{"href":"https:\/\/www.barragrande24horas.com.br\/v1\/wp-json\/wp\/v2\/posts\/118151"}],"collection":[{"href":"https:\/\/www.barragrande24horas.com.br\/v1\/wp-json\/wp\/v2\/posts"}],"about":[{"href":"https:\/\/www.barragrande24horas.com.br\/v1\/wp-json\/wp\/v2\/types\/post"}],"author":[{"embeddable":true,"href":"https:\/\/www.barragrande24horas.com.br\/v1\/wp-json\/wp\/v2\/users\/2"}],"replies":[{"embeddable":true,"href":"https:\/\/www.barragrande24horas.com.br\/v1\/wp-json\/wp\/v2\/comments?post=118151"}],"version-history":[{"count":1,"href":"https:\/\/www.barragrande24horas.com.br\/v1\/wp-json\/wp\/v2\/posts\/118151\/revisions"}],"predecessor-version":[{"id":118154,"href":"https:\/\/www.barragrande24horas.com.br\/v1\/wp-json\/wp\/v2\/posts\/118151\/revisions\/118154"}],"wp:featuredmedia":[{"embeddable":true,"href":"https:\/\/www.barragrande24horas.com.br\/v1\/wp-json\/wp\/v2\/media\/118152"}],"wp:attachment":[{"href":"https:\/\/www.barragrande24horas.com.br\/v1\/wp-json\/wp\/v2\/media?parent=118151"}],"wp:term":[{"taxonomy":"category","embeddable":true,"href":"https:\/\/www.barragrande24horas.com.br\/v1\/wp-json\/wp\/v2\/categories?post=118151"},{"taxonomy":"post_tag","embeddable":true,"href":"https:\/\/www.barragrande24horas.com.br\/v1\/wp-json\/wp\/v2\/tags?post=118151"}],"curies":[{"name":"wp","href":"https:\/\/api.w.org\/{rel}","templated":true}]}}