{"id":118113,"date":"2019-08-01T00:27:04","date_gmt":"2019-08-01T03:27:04","guid":{"rendered":"http:\/\/www.barragrande24horas.com.br\/v1\/?p=118113"},"modified":"2019-08-01T00:27:04","modified_gmt":"2019-08-01T03:27:04","slug":"eua-designam-oficialmente-brasil-como-um-aliado-prioritario-extra-otan","status":"publish","type":"post","link":"https:\/\/www.barragrande24horas.com.br\/v1\/2019\/08\/01\/eua-designam-oficialmente-brasil-como-um-aliado-prioritario-extra-otan\/","title":{"rendered":"EUA designam oficialmente Brasil como um aliado priorit\u00e1rio extra-OTAN"},"content":{"rendered":"<div class=\"mc-column content-text active-extra-styles \" data-block-type=\"unstyled\" data-block-weight=\"37\" data-block-id=\"2\">\n<div id=\"attachment_118114\" style=\"width: 590px\" class=\"wp-caption aligncenter\"><img aria-describedby=\"caption-attachment-118114\" loading=\"lazy\" class=\" wp-image-118114\" src=\"http:\/\/www.barragrande24horas.com.br\/v1\/wp-content\/uploads\/2019\/08\/bolsonaro-e-trump.jpg\" alt=\"\" width=\"580\" height=\"387\" srcset=\"https:\/\/www.barragrande24horas.com.br\/v1\/wp-content\/uploads\/2019\/08\/bolsonaro-e-trump.jpg 640w, https:\/\/www.barragrande24horas.com.br\/v1\/wp-content\/uploads\/2019\/08\/bolsonaro-e-trump-300x200.jpg 300w\" sizes=\"(max-width: 580px) 100vw, 580px\" \/><p id=\"caption-attachment-118114\" class=\"wp-caption-text\">(Osaka &#8211; Jap\u00e3o, 28\/06\/2019) Presidente da Rep\u00fablica, Jair Bolsonaro, durante Reuni\u00e3o bilateral com o senhor Donald J. Trump, Presidente dos Estados Unidos da Am\u00e9rica.rFoto: Alan Santos \/ PR<\/p><\/div>\n<p class=\"content-text__container \" data-track-category=\"Link no Texto\" data-track-links=\"\">Os&nbsp;<a href=\"https:\/\/g1.globo.com\/tudo-sobre\/estados-unidos\/\">Estados Unidos<\/a>&nbsp;designaram oficialmente nesta quarta-feira (31) o Brasil como um aliado priorit\u00e1rio extra-OTAN,&nbsp;<a href=\"https:\/\/g1.globo.com\/politica\/noticia\/2019\/03\/19\/trump-bolsonaro-washington-casa-branca.ghtml\">cumprindo uma promessa feita em mar\u00e7o<\/a>, durante encontro entre os presidentes dos dois pa\u00edses,&nbsp;<a href=\"https:\/\/g1.globo.com\/tudo-sobre\/donald-trump\/\">Donald Trump<\/a>&nbsp;e&nbsp;<a href=\"https:\/\/g1.globo.com\/politica\/politico\/jair-bolsonaro\/\">Jair Bolsonaro<\/a>, em Washington.<\/p>\n<\/div>\n<div class=\"wall protected-content\">\n<div class=\"mc-column content-text active-extra-styles \" data-block-type=\"unstyled\" data-block-weight=\"27\" data-block-id=\"3\">\n<p class=\"content-text__container \" data-track-category=\"Link no Texto\" data-track-links=\"\">Isso aproxima militarmente os pa\u00edses e facilita ao Brasil comprar armas e equipamentos de defesa dos EUA. Na Am\u00e9rica Latina, apenas a Argentina tinha esse t\u00edtulo anteriormente.<\/p>\n<div class=\"mc-column content-text active-extra-styles\" data-block-type=\"raw\" data-block-weight=\"7\" data-block-id=\"4\">\n<div class=\"content-intertitle\">\n<h2>O que \u00e9 um aliado priorit\u00e1rio extra-Otan?<\/h2>\n<\/div>\n<\/div>\n<div class=\"mc-column content-text active-extra-styles \" data-block-type=\"unstyled\" data-block-weight=\"19\" data-block-id=\"5\">\n<p class=\"content-text__container \" data-track-category=\"Link no Texto\" data-track-links=\"\">Ser um&nbsp;<a href=\"https:\/\/g1.globo.com\/mundo\/noticia\/2019\/03\/20\/brasil-pode-se-tornar-aliado-prioritario-extra-otan-saiba-o-que-isso-significa.ghtml\">aliado priorit\u00e1rio extra-Otan<\/a>&nbsp;aproxima militarmente o Brasil dos Estados Unidos. Ao entrar nessa classifica\u00e7\u00e3o, o Brasil consegue:<\/p>\n<\/div>\n<div class=\"mc-column content-text active-extra-styles\" data-block-type=\"raw\" data-block-weight=\"31\" data-block-id=\"6\">\n<ul class=\"content-unordered-list\">\n<li>Tornar-se comprador preferencial de equipamentos e tecnologia militares dos EUA;<\/li>\n<li>Participar de leil\u00f5es organizados pelo Pent\u00e1gono para vender produtos militares;<\/li>\n<li>Ganhar prioridade para promover treinamentos militares com as For\u00e7as Armadas norte-americanas.<\/li>\n<\/ul>\n<\/div>\n<div class=\"mc-column content-text active-extra-styles \" data-block-type=\"unstyled\" data-block-weight=\"14\" data-block-id=\"7\">\n<div class=\"mc-column content-text active-extra-styles\" data-block-type=\"raw\" data-block-weight=\"5\" data-block-id=\"10\">\n<div class=\"content-intertitle\">\n<h2>O que \u00e9 a Otan?<\/h2>\n<\/div>\n<\/div>\n<div class=\"mc-column content-text active-extra-styles \" data-block-type=\"unstyled\" data-block-weight=\"51\" data-block-id=\"11\">\n<p class=\"content-text__container \" data-track-category=\"Link no Texto\" data-track-links=\"\">A Otan foi fundada em 1949, logo no in\u00edcio da Guerra Fria, como um pacto militar dos pa\u00edses alinhados com os Estados Unidos. Ap\u00f3s o esfacelamento da Uni\u00e3o Sovi\u00e9tica em 1991, algumas na\u00e7\u00f5es que antes faziam parte do bloco comunista \u2013 como Pol\u00f4nia e Hungria \u2013 passaram a integrar a organiza\u00e7\u00e3o.<\/p>\n<\/div>\n<div class=\"mc-column content-text active-extra-styles \" data-block-type=\"unstyled\" data-block-weight=\"39\" data-block-id=\"12\">\n<p class=\"content-text__container \" data-track-category=\"Link no Texto\" data-track-links=\"\">Um dos princ\u00edpios da organiza\u00e7\u00e3o, hoje com 29 pa\u00edses, garante aos integrantes o princ\u00edpio de defesa coletiva. Ou seja: um eventual ataque a um ou mais pa\u00edses-membros do grupo ser\u00e1 encarado como uma agress\u00e3o a todos os demais integrantes.<\/p>\n<\/div>\n<div class=\"mc-column content-text active-extra-styles \" data-block-type=\"unstyled\" data-block-weight=\"28\" data-block-id=\"13\">\n<p class=\"content-text__container \" data-track-category=\"Link no Texto\" data-track-links=\"\">O professor de rela\u00e7\u00f5es internacionais Carlos Gustavo Poggio, especialista em Estados Unidos, comenta que o interesse de Trump na Otan \u00e9 reticente desde a campanha presidencial em 2016.<\/p>\n<\/div>\n<div class=\"mc-column content-text active-extra-styles\" data-block-type=\"raw\" data-block-weight=\"18\" data-block-id=\"14\">\n<blockquote class=\"content-blockquote theme-border-color-primary-before\"><p>&#8220;Trump chegou a chamar a Otan de obsoleta, acusou pa\u00edses europeus de tirarem vantagem do acordo&#8221;, relembrou Poggio.<\/p><\/blockquote>\n<\/div>\n<div data-track-category=\"multicontent\" data-track-action=\"ultimo chunk conteudo\" data-track-noninteraction=\"false\" data-track-scroll=\"view\">\n<div class=\"mc-column content-text active-extra-styles \" data-block-type=\"unstyled\" data-block-weight=\"60\" data-block-id=\"15\">\n<p class=\"content-text__container \" data-track-category=\"Link no Texto\" data-track-links=\"\">Trump, ent\u00e3o, pressionou os integrantes do bloco a investirem mais em seguran\u00e7a \u2013 o que foi atendido pelas lideran\u00e7as da Otan no ano passado, que firmaram uma meta de gastos de 2% do PIB com defesa at\u00e9 2024. O norte-americano, ent\u00e3o, elogiou a medida. &#8220;A Otan est\u00e1 muito mais forte agora do que h\u00e1 dois dias&#8221;, disse Trump, em julho.<\/p>\n<\/div>\n<\/div>\n<\/div>\n<div class=\"row medium-uncollapsed content-media content-photo\" data-block-type=\"backstage-photo\" data-block-id=\"8\">\n<div class=\"mc-column content-media__container\">\n<div class=\"progressive-img can-open-lightbox\" data-min-size=\"1008x1488\" data-min-size-url=\"https:\/\/s2.glbimg.com\/YAOjRwhlGkAuEd4OdqnbO3PoYmk=\/0x0:1600x2363\/1008x0\/smart\/filters:strip_icc()\/i.s3.glbimg.com\/v1\/AUTH_59edd422c0c84a879bd37670ae4f538a\/internal_photos\/bs\/2019\/G\/p\/3Wc6IuRnO19KHAeZyAhQ\/otan-e-extra-otan-va.png\" data-max-size=\"1600x2363\" data-max-size-url=\"https:\/\/s2.glbimg.com\/hBmNioiCpnnapJBG7Co09FLtBUA=\/0x0:1600x2363\/1600x0\/smart\/filters:strip_icc()\/i.s3.glbimg.com\/v1\/AUTH_59edd422c0c84a879bd37670ae4f538a\/internal_photos\/bs\/2019\/G\/p\/3Wc6IuRnO19KHAeZyAhQ\/otan-e-extra-otan-va.png\" data-media-index=\"1\">&nbsp;<\/div>\n<\/div>\n<\/div>\n<\/div>\n<\/div>\n","protected":false},"excerpt":{"rendered":"<p>Os&nbsp;Estados Unidos&nbsp;designaram oficialmente nesta quarta-feira (31) o Brasil como um aliado priorit\u00e1rio extra-OTAN,&nbsp;cumprindo uma promessa feita em mar\u00e7o, durante encontro entre os presidentes dos dois pa\u00edses,&nbsp;Donald Trump&nbsp;e&nbsp;Jair Bolsonaro, em Washington. Isso aproxima militarmente os pa\u00edses e facilita ao Brasil comprar armas e equipamentos de defesa dos EUA. Na Am\u00e9rica Latina, apenas a Argentina tinha esse t\u00edtulo anteriormente. O que \u00e9 um aliado priorit\u00e1rio extra-Otan? Ser um&nbsp;aliado priorit\u00e1rio extra-Otan&nbsp;aproxima militarmente o Brasil dos Estados Unidos. Ao entrar nessa classifica\u00e7\u00e3o, o Brasil consegue: Tornar-se comprador preferencial de equipamentos e tecnologia militares dos EUA; Participar de leil\u00f5es organizados pelo Pent\u00e1gono para vender produtos [&hellip;]<\/p>\n","protected":false},"author":2,"featured_media":118114,"comment_status":"closed","ping_status":"open","sticky":false,"template":"","format":"standard","meta":[],"categories":[8,29,17,19,11],"tags":[1432],"_links":{"self":[{"href":"https:\/\/www.barragrande24horas.com.br\/v1\/wp-json\/wp\/v2\/posts\/118113"}],"collection":[{"href":"https:\/\/www.barragrande24horas.com.br\/v1\/wp-json\/wp\/v2\/posts"}],"about":[{"href":"https:\/\/www.barragrande24horas.com.br\/v1\/wp-json\/wp\/v2\/types\/post"}],"author":[{"embeddable":true,"href":"https:\/\/www.barragrande24horas.com.br\/v1\/wp-json\/wp\/v2\/users\/2"}],"replies":[{"embeddable":true,"href":"https:\/\/www.barragrande24horas.com.br\/v1\/wp-json\/wp\/v2\/comments?post=118113"}],"version-history":[{"count":1,"href":"https:\/\/www.barragrande24horas.com.br\/v1\/wp-json\/wp\/v2\/posts\/118113\/revisions"}],"predecessor-version":[{"id":118115,"href":"https:\/\/www.barragrande24horas.com.br\/v1\/wp-json\/wp\/v2\/posts\/118113\/revisions\/118115"}],"wp:featuredmedia":[{"embeddable":true,"href":"https:\/\/www.barragrande24horas.com.br\/v1\/wp-json\/wp\/v2\/media\/118114"}],"wp:attachment":[{"href":"https:\/\/www.barragrande24horas.com.br\/v1\/wp-json\/wp\/v2\/media?parent=118113"}],"wp:term":[{"taxonomy":"category","embeddable":true,"href":"https:\/\/www.barragrande24horas.com.br\/v1\/wp-json\/wp\/v2\/categories?post=118113"},{"taxonomy":"post_tag","embeddable":true,"href":"https:\/\/www.barragrande24horas.com.br\/v1\/wp-json\/wp\/v2\/tags?post=118113"}],"curies":[{"name":"wp","href":"https:\/\/api.w.org\/{rel}","templated":true}]}}