{"id":117969,"date":"2019-07-20T19:35:06","date_gmt":"2019-07-20T22:35:06","guid":{"rendered":"http:\/\/www.barragrande24horas.com.br\/v1\/?p=117969"},"modified":"2019-07-20T19:51:20","modified_gmt":"2019-07-20T22:51:20","slug":"conheca-3-jovens-selecionados-do-tabuleiro-saquaira-e-barra-grande-no-garoto-peninsula-de-marau","status":"publish","type":"post","link":"https:\/\/www.barragrande24horas.com.br\/v1\/2019\/07\/20\/conheca-3-jovens-selecionados-do-tabuleiro-saquaira-e-barra-grande-no-garoto-peninsula-de-marau\/","title":{"rendered":"Conhe\u00e7a 3 jovens selecionados do Tabuleiro, Saqua\u00edra e Barra Grande no Garoto Pen\u00ednsula de Mara\u00fa"},"content":{"rendered":"<p>&nbsp;<\/p>\n<div id=\"attachment_117972\" style=\"width: 598px\" class=\"wp-caption aligncenter\"><img aria-describedby=\"caption-attachment-117972\" loading=\"lazy\" class=\"wp-image-117972\" src=\"http:\/\/www.barragrande24horas.com.br\/v1\/wp-content\/uploads\/2019\/07\/WhatsApp-Image-2019-07-20-at-19.32.07.jpeg\" alt=\"\" width=\"588\" height=\"300\" srcset=\"https:\/\/www.barragrande24horas.com.br\/v1\/wp-content\/uploads\/2019\/07\/WhatsApp-Image-2019-07-20-at-19.32.07.jpeg 1280w, https:\/\/www.barragrande24horas.com.br\/v1\/wp-content\/uploads\/2019\/07\/WhatsApp-Image-2019-07-20-at-19.32.07-300x153.jpeg 300w, https:\/\/www.barragrande24horas.com.br\/v1\/wp-content\/uploads\/2019\/07\/WhatsApp-Image-2019-07-20-at-19.32.07-768x391.jpeg 768w, https:\/\/www.barragrande24horas.com.br\/v1\/wp-content\/uploads\/2019\/07\/WhatsApp-Image-2019-07-20-at-19.32.07-1024x522.jpeg 1024w\" sizes=\"(max-width: 588px) 100vw, 588px\" \/><p id=\"caption-attachment-117972\" class=\"wp-caption-text\">Hian Tavares &#8211; Alan Melo &#8211; Patrick Santos<\/p><\/div>\n<p><strong>HIAN TAVARES<\/strong> &#8211; \u00c9 jovem de 22 anos de idade, \u00e9 morador do povoado do Tabuleiro e \u00e9 mais um selecionado para o desfile masculino do concurso. Hian tem 84 kg e 1,82 de altura, em 2018, ele prestigiou o evento para acompanhar a representante de seu povoado, e agora se junta ao elenco de jovens que v\u00e3o desfilar em 2019.<\/p>\n<p><strong>PATRICK SANTOS &#8211; <\/strong>O jovem de 19 anos de idade, \u00e9 mais um representante de Barra Grande no concurso. Ele \u00e9 residente da Ponta do Mut\u00e1, tem 73 kg e 1,73 de altura. Patrick \u00e9 namorado de Kaline Amaral e o evento que j\u00e1 teve dois pares de irm\u00e3s desfilando, agora ter\u00e1 seu primeiro casal que desfilar\u00e1 na passarela do concurso.<\/p>\n<p><strong>ALAN MELO &#8211;<\/strong> Com 23 anos de idade, Alan \u00e9 mais um representante do povoado de Saqua\u00edra no desfile masculino. Ele trabalha com som automotivo e tamb\u00e9m \u00e9 funcion\u00e1rio p\u00fablico. O jovem tem 72 kg e 1,77 de altura e est\u00e1 bastante animado em participar da primeira edi\u00e7\u00e3o masculina.<\/p>\n<p>O concurso Garota e Garoto Pen\u00ednsula de Mara\u00fa acontece no dia 21 e 22 de setembro, em Barra Grande.&nbsp;O desfile tem a realiza\u00e7\u00e3o de Darlim (Portal Barra Grande 24 Horas) do Diretor de Eventos, Anderson Muniz e de Jamile Sena, com apoio da Prefeitura de Mara\u00fa, Secretarias de Turismo e Lazer, Ramos Simbora Produ\u00e7\u00f5es e In9pro.<\/p>\n<p>&nbsp;<\/p>\n<p>&nbsp;<\/p>\n","protected":false},"excerpt":{"rendered":"<p>&nbsp; HIAN TAVARES &#8211; \u00c9 jovem de 22 anos de idade, \u00e9 morador do povoado do Tabuleiro e \u00e9 mais um selecionado para o desfile masculino do concurso. Hian tem 84 kg e 1,82 de altura, em 2018, ele prestigiou o evento para acompanhar a representante de seu povoado, e agora se junta ao elenco de jovens que v\u00e3o desfilar em 2019. PATRICK SANTOS &#8211; O jovem de 19 anos de idade, \u00e9 mais um representante de Barra Grande no concurso. Ele \u00e9 residente da Ponta do Mut\u00e1, tem 73 kg e 1,73 de altura. Patrick \u00e9 namorado de Kaline [&hellip;]<\/p>\n","protected":false},"author":2,"featured_media":117972,"comment_status":"closed","ping_status":"open","sticky":false,"template":"","format":"standard","meta":[],"categories":[8,29,17,20,27],"tags":[1394],"_links":{"self":[{"href":"https:\/\/www.barragrande24horas.com.br\/v1\/wp-json\/wp\/v2\/posts\/117969"}],"collection":[{"href":"https:\/\/www.barragrande24horas.com.br\/v1\/wp-json\/wp\/v2\/posts"}],"about":[{"href":"https:\/\/www.barragrande24horas.com.br\/v1\/wp-json\/wp\/v2\/types\/post"}],"author":[{"embeddable":true,"href":"https:\/\/www.barragrande24horas.com.br\/v1\/wp-json\/wp\/v2\/users\/2"}],"replies":[{"embeddable":true,"href":"https:\/\/www.barragrande24horas.com.br\/v1\/wp-json\/wp\/v2\/comments?post=117969"}],"version-history":[{"count":5,"href":"https:\/\/www.barragrande24horas.com.br\/v1\/wp-json\/wp\/v2\/posts\/117969\/revisions"}],"predecessor-version":[{"id":117975,"href":"https:\/\/www.barragrande24horas.com.br\/v1\/wp-json\/wp\/v2\/posts\/117969\/revisions\/117975"}],"wp:featuredmedia":[{"embeddable":true,"href":"https:\/\/www.barragrande24horas.com.br\/v1\/wp-json\/wp\/v2\/media\/117972"}],"wp:attachment":[{"href":"https:\/\/www.barragrande24horas.com.br\/v1\/wp-json\/wp\/v2\/media?parent=117969"}],"wp:term":[{"taxonomy":"category","embeddable":true,"href":"https:\/\/www.barragrande24horas.com.br\/v1\/wp-json\/wp\/v2\/categories?post=117969"},{"taxonomy":"post_tag","embeddable":true,"href":"https:\/\/www.barragrande24horas.com.br\/v1\/wp-json\/wp\/v2\/tags?post=117969"}],"curies":[{"name":"wp","href":"https:\/\/api.w.org\/{rel}","templated":true}]}}