{"id":117383,"date":"2019-06-18T15:25:06","date_gmt":"2019-06-18T18:25:06","guid":{"rendered":"http:\/\/www.barragrande24horas.com.br\/v1\/?p=117383"},"modified":"2019-06-18T15:25:06","modified_gmt":"2019-06-18T18:25:06","slug":"cavaleiros-do-forro-e-arriba-saia-sao-uma-das-atracoes-do-sao-joao-de-itagiba","status":"publish","type":"post","link":"https:\/\/www.barragrande24horas.com.br\/v1\/2019\/06\/18\/cavaleiros-do-forro-e-arriba-saia-sao-uma-das-atracoes-do-sao-joao-de-itagiba\/","title":{"rendered":"Cavaleiros do Forr\u00f3 e Arriba Saia s\u00e3o uma das atra\u00e7\u00f5es do S\u00e3o Jo\u00e3o de Itagib\u00e1\u00a0"},"content":{"rendered":"<div class=\"entry-content\">\n<p><img loading=\"lazy\" class=\" wp-image-117386 aligncenter\" src=\"http:\/\/www.barragrande24horas.com.br\/v1\/wp-content\/uploads\/2019\/06\/e15d59f8-a2a3-4400-b83a-e85ffefe3b89-1-300x300.jpg\" alt=\"\" width=\"514\" height=\"514\" srcset=\"https:\/\/www.barragrande24horas.com.br\/v1\/wp-content\/uploads\/2019\/06\/e15d59f8-a2a3-4400-b83a-e85ffefe3b89-1-300x300.jpg 300w, https:\/\/www.barragrande24horas.com.br\/v1\/wp-content\/uploads\/2019\/06\/e15d59f8-a2a3-4400-b83a-e85ffefe3b89-1-150x150.jpg 150w, https:\/\/www.barragrande24horas.com.br\/v1\/wp-content\/uploads\/2019\/06\/e15d59f8-a2a3-4400-b83a-e85ffefe3b89-1.jpg 450w\" sizes=\"(max-width: 514px) 100vw, 514px\" \/><\/p>\n<p>De 20 a 23 de junho acontece mais uma edi\u00e7\u00e3o do tradicional S\u00e3o Jo\u00e3o de Itagib\u00e1 com as atra\u00e7\u00f5es: Chambinho do Acordeon, Cavaleiros do Forr\u00f3. Frank Aguiar, Mayke Jos\u00e9 (filho de Fl\u00e1vio Jos\u00e9), Rasta Chinela, Arriba Saia, L\u00e9 Kum Cr\u00e9, Kal Firmino, Amantes do Forr\u00f3, Pipoco Trov\u00e3o e grupos locais. <strong>(Giro em Ipia\u00fa)<\/strong><\/p>\n<\/div>\n<div class=\"clearfix\">&nbsp;<\/div>\n<section class=\"widget_text custom_html-6 widget_custom_html\">\n<div class=\"textwidget custom-html-widget\">\n<div class=\"text-center\">&nbsp;<\/div>\n<\/div>\n<\/section>\n","protected":false},"excerpt":{"rendered":"<p>De 20 a 23 de junho acontece mais uma edi\u00e7\u00e3o do tradicional S\u00e3o Jo\u00e3o de Itagib\u00e1 com as atra\u00e7\u00f5es: Chambinho do Acordeon, Cavaleiros do Forr\u00f3. Frank Aguiar, Mayke Jos\u00e9 (filho de Fl\u00e1vio Jos\u00e9), Rasta Chinela, Arriba Saia, L\u00e9 Kum Cr\u00e9, Kal Firmino, Amantes do Forr\u00f3, Pipoco Trov\u00e3o e grupos locais. (Giro em Ipia\u00fa) &nbsp; &nbsp;<\/p>\n","protected":false},"author":2,"featured_media":117386,"comment_status":"closed","ping_status":"open","sticky":false,"template":"","format":"standard","meta":[],"categories":[8,29,17,1],"tags":[],"_links":{"self":[{"href":"https:\/\/www.barragrande24horas.com.br\/v1\/wp-json\/wp\/v2\/posts\/117383"}],"collection":[{"href":"https:\/\/www.barragrande24horas.com.br\/v1\/wp-json\/wp\/v2\/posts"}],"about":[{"href":"https:\/\/www.barragrande24horas.com.br\/v1\/wp-json\/wp\/v2\/types\/post"}],"author":[{"embeddable":true,"href":"https:\/\/www.barragrande24horas.com.br\/v1\/wp-json\/wp\/v2\/users\/2"}],"replies":[{"embeddable":true,"href":"https:\/\/www.barragrande24horas.com.br\/v1\/wp-json\/wp\/v2\/comments?post=117383"}],"version-history":[{"count":2,"href":"https:\/\/www.barragrande24horas.com.br\/v1\/wp-json\/wp\/v2\/posts\/117383\/revisions"}],"predecessor-version":[{"id":117387,"href":"https:\/\/www.barragrande24horas.com.br\/v1\/wp-json\/wp\/v2\/posts\/117383\/revisions\/117387"}],"wp:featuredmedia":[{"embeddable":true,"href":"https:\/\/www.barragrande24horas.com.br\/v1\/wp-json\/wp\/v2\/media\/117386"}],"wp:attachment":[{"href":"https:\/\/www.barragrande24horas.com.br\/v1\/wp-json\/wp\/v2\/media?parent=117383"}],"wp:term":[{"taxonomy":"category","embeddable":true,"href":"https:\/\/www.barragrande24horas.com.br\/v1\/wp-json\/wp\/v2\/categories?post=117383"},{"taxonomy":"post_tag","embeddable":true,"href":"https:\/\/www.barragrande24horas.com.br\/v1\/wp-json\/wp\/v2\/tags?post=117383"}],"curies":[{"name":"wp","href":"https:\/\/api.w.org\/{rel}","templated":true}]}}