{"id":117147,"date":"2019-06-01T00:29:38","date_gmt":"2019-06-01T03:29:38","guid":{"rendered":"http:\/\/www.barragrande24horas.com.br\/v1\/?p=117147"},"modified":"2019-06-01T00:29:38","modified_gmt":"2019-06-01T03:29:38","slug":"vereadores-de-marau-participam-de-palestra-sobre-as-mudancas-na-lei-eleitoral","status":"publish","type":"post","link":"https:\/\/www.barragrande24horas.com.br\/v1\/2019\/06\/01\/vereadores-de-marau-participam-de-palestra-sobre-as-mudancas-na-lei-eleitoral\/","title":{"rendered":"Vereadores de Mara\u00fa participam de palestra sobre as mudan\u00e7as na lei eleitoral"},"content":{"rendered":"<p><img loading=\"lazy\" class=\" wp-image-117148 aligncenter\" src=\"http:\/\/www.barragrande24horas.com.br\/v1\/wp-content\/uploads\/2019\/06\/51bae8a0-269a-432f-862b-ca06cbc7df14.jpg\" alt=\"\" width=\"519\" height=\"390\" srcset=\"https:\/\/www.barragrande24horas.com.br\/v1\/wp-content\/uploads\/2019\/06\/51bae8a0-269a-432f-862b-ca06cbc7df14.jpg 500w, https:\/\/www.barragrande24horas.com.br\/v1\/wp-content\/uploads\/2019\/06\/51bae8a0-269a-432f-862b-ca06cbc7df14-300x225.jpg 300w\" sizes=\"(max-width: 519px) 100vw, 519px\" \/><\/p>\n<p>Na \u00faltima sexta-feira, dia 31, aconteceu na C\u00e2mara Municipal de Ipia\u00fa um importante evento que teve como objetivo sanar as d\u00favidas de vereadores, advogados, futuros candidatos no que diz respeito a Direito eleitoral. Dentre os temas constam a altera\u00e7\u00e3o da legisla\u00e7\u00e3o eleitoral, partidos, coliga\u00e7\u00e3o e migra\u00e7\u00e3o partid\u00e1ria e unifica\u00e7\u00e3o das elei\u00e7\u00f5es com prorroga\u00e7\u00e3o dos mandatos.<\/p>\n<p><img loading=\"lazy\" class=\" wp-image-117149 aligncenter\" src=\"http:\/\/www.barragrande24horas.com.br\/v1\/wp-content\/uploads\/2019\/06\/WhatsApp-Image-2019-06-01-at-00.27.36.jpeg\" alt=\"\" width=\"591\" height=\"352\" srcset=\"https:\/\/www.barragrande24horas.com.br\/v1\/wp-content\/uploads\/2019\/06\/WhatsApp-Image-2019-06-01-at-00.27.36.jpeg 788w, https:\/\/www.barragrande24horas.com.br\/v1\/wp-content\/uploads\/2019\/06\/WhatsApp-Image-2019-06-01-at-00.27.36-300x179.jpeg 300w, https:\/\/www.barragrande24horas.com.br\/v1\/wp-content\/uploads\/2019\/06\/WhatsApp-Image-2019-06-01-at-00.27.36-768x457.jpeg 768w\" sizes=\"(max-width: 591px) 100vw, 591px\" \/><\/p>\n<p>Os vereadores de Mara\u00fa participaram do evento, entre eles os edis: Manass\u00e9s, Rog\u00e9rio, Vado, Dudu, Paulino, J\u00falio C\u00e9sar, Bob\u00f4 e R\u00e9gis.&nbsp;O evento contou com o registro de presen\u00e7a de vereadores e Prefeito de 16 munic\u00edpios. A palestra disponibilizou aos presentes a explica\u00e7\u00e3o de especialista na \u00e1rea eleitoral com o prop\u00f3sito de sanar as d\u00favidas para o pleito eleitoral das elei\u00e7\u00f5es de 2020. Uma importante iniciativa que contou com um plen\u00e1rio lotado.&nbsp;<\/p>\n","protected":false},"excerpt":{"rendered":"<p>Na \u00faltima sexta-feira, dia 31, aconteceu na C\u00e2mara Municipal de Ipia\u00fa um importante evento que teve como objetivo sanar as d\u00favidas de vereadores, advogados, futuros candidatos no que diz respeito a Direito eleitoral. Dentre os temas constam a altera\u00e7\u00e3o da legisla\u00e7\u00e3o eleitoral, partidos, coliga\u00e7\u00e3o e migra\u00e7\u00e3o partid\u00e1ria e unifica\u00e7\u00e3o das elei\u00e7\u00f5es com prorroga\u00e7\u00e3o dos mandatos. Os vereadores de Mara\u00fa participaram do evento, entre eles os edis: Manass\u00e9s, Rog\u00e9rio, Vado, Dudu, Paulino, J\u00falio C\u00e9sar, Bob\u00f4 e R\u00e9gis.&nbsp;O evento contou com o registro de presen\u00e7a de vereadores e Prefeito de 16 munic\u00edpios. A palestra disponibilizou aos presentes a explica\u00e7\u00e3o de especialista na [&hellip;]<\/p>\n","protected":false},"author":2,"featured_media":117149,"comment_status":"closed","ping_status":"open","sticky":false,"template":"","format":"standard","meta":[],"categories":[29,17,19,27],"tags":[1171],"_links":{"self":[{"href":"https:\/\/www.barragrande24horas.com.br\/v1\/wp-json\/wp\/v2\/posts\/117147"}],"collection":[{"href":"https:\/\/www.barragrande24horas.com.br\/v1\/wp-json\/wp\/v2\/posts"}],"about":[{"href":"https:\/\/www.barragrande24horas.com.br\/v1\/wp-json\/wp\/v2\/types\/post"}],"author":[{"embeddable":true,"href":"https:\/\/www.barragrande24horas.com.br\/v1\/wp-json\/wp\/v2\/users\/2"}],"replies":[{"embeddable":true,"href":"https:\/\/www.barragrande24horas.com.br\/v1\/wp-json\/wp\/v2\/comments?post=117147"}],"version-history":[{"count":1,"href":"https:\/\/www.barragrande24horas.com.br\/v1\/wp-json\/wp\/v2\/posts\/117147\/revisions"}],"predecessor-version":[{"id":117150,"href":"https:\/\/www.barragrande24horas.com.br\/v1\/wp-json\/wp\/v2\/posts\/117147\/revisions\/117150"}],"wp:featuredmedia":[{"embeddable":true,"href":"https:\/\/www.barragrande24horas.com.br\/v1\/wp-json\/wp\/v2\/media\/117149"}],"wp:attachment":[{"href":"https:\/\/www.barragrande24horas.com.br\/v1\/wp-json\/wp\/v2\/media?parent=117147"}],"wp:term":[{"taxonomy":"category","embeddable":true,"href":"https:\/\/www.barragrande24horas.com.br\/v1\/wp-json\/wp\/v2\/categories?post=117147"},{"taxonomy":"post_tag","embeddable":true,"href":"https:\/\/www.barragrande24horas.com.br\/v1\/wp-json\/wp\/v2\/tags?post=117147"}],"curies":[{"name":"wp","href":"https:\/\/api.w.org\/{rel}","templated":true}]}}