{"id":117134,"date":"2019-05-31T02:18:10","date_gmt":"2019-05-31T05:18:10","guid":{"rendered":"http:\/\/www.barragrande24horas.com.br\/v1\/?p=117134"},"modified":"2019-05-31T02:18:10","modified_gmt":"2019-05-31T05:18:10","slug":"marau-tradicional-festa-de-santo-antonio-padroeiro-de-barra-grande-comeca-neste-sabado","status":"publish","type":"post","link":"https:\/\/www.barragrande24horas.com.br\/v1\/2019\/05\/31\/marau-tradicional-festa-de-santo-antonio-padroeiro-de-barra-grande-comeca-neste-sabado\/","title":{"rendered":"Mara\u00fa: Tradicional festa de Santo Ant\u00f4nio, padroeiro de Barra Grande come\u00e7a neste s\u00e1bado"},"content":{"rendered":"<div class=\"title\">\n<h1 class=\"content-head__title\"><img loading=\"lazy\" class=\" wp-image-117138 aligncenter\" src=\"http:\/\/www.barragrande24horas.com.br\/v1\/wp-content\/uploads\/2019\/05\/35076968_1729755567106212_5183529646527873024_n-1024x683.jpg\" alt=\"\" width=\"590\" height=\"394\" srcset=\"https:\/\/www.barragrande24horas.com.br\/v1\/wp-content\/uploads\/2019\/05\/35076968_1729755567106212_5183529646527873024_n-1024x683.jpg 1024w, https:\/\/www.barragrande24horas.com.br\/v1\/wp-content\/uploads\/2019\/05\/35076968_1729755567106212_5183529646527873024_n-1024x683-300x200.jpg 300w, https:\/\/www.barragrande24horas.com.br\/v1\/wp-content\/uploads\/2019\/05\/35076968_1729755567106212_5183529646527873024_n-1024x683-768x512.jpg 768w\" sizes=\"(max-width: 590px) 100vw, 590px\" \/><\/h1>\n<\/div>\n<div class=\"medium-centered subtitle\">\n<div class=\"mc-column content-text active-extra-styles active-capital-letter\" data-block-type=\"unstyled\" data-block-weight=\"37\" data-block-id=\"1\">\n<p class=\"content-text__container theme-color-primary-first-letter\" data-track-category=\"Link no Texto\" data-track-links=\"\">A tradicional festa em homenagem a Santo Ant\u00f4nio, padroeiro de Barra Grande come\u00e7a no pr\u00f3ximo s\u00e1bado (1) e vai at\u00e9 o dia (13). O evento inicia com uma missa na Igreja de Santo Ant\u00f4nio, \u00e0s 19h30h, na pra\u00e7a das Mangueiras.&nbsp;A programa\u00e7\u00e3o conta com atividades religiosas e culturais na igreja e na pra\u00e7a.<\/p>\n<p data-track-category=\"Link no Texto\" data-track-links=\"\">A abertura ser\u00e1 com uma carreata marcada para sair \u00e0s 18h, da frente da casa de Suely, no bairro do Mangue Verde, percorrendo diversas ruas do distrito. A filarm\u00f4nica Lira da Concei\u00e7\u00e3o tamb\u00e9m estar\u00e1 presente e a missa ser\u00e1 celebrada pelo padre Dan\u00fabio.<\/p>\n<p>Missas e programa\u00e7\u00e3o social com vendas de comidas t\u00edpicas e m\u00fasica ao vivo acrescentam novos elementos que contribuem para o enriquecimento da festa em homenagem a Santo Ant\u00f4nio. O Show da noite ser\u00e1 animado pelo cantor Raimundo Seresteiro e no domingo com Don Roan.<\/p>\n<div class=\"mnmd-responsive-video\"><iframe loading=\"lazy\" title=\"Mara\u00fa: Abertura de Santo Ant\u00f4nio Padroeiro de Barra Grande\" width=\"1200\" height=\"675\" src=\"https:\/\/www.youtube.com\/embed\/uylmjqoeimo?feature=oembed\" frameborder=\"0\" allow=\"accelerometer; autoplay; clipboard-write; encrypted-media; gyroscope; picture-in-picture\" allowfullscreen><\/iframe><\/div>\n<p>O evento \u00e9 uma realiza\u00e7\u00e3o da comunidade cat\u00f3lica de Barra Grande e conta com apoio da Prefeitura de Mara\u00fa, atrav\u00e9s da Prefeita Gracinha Viana e de comerciantes e empres\u00e1rios locais.<\/p>\n<\/div>\n<div class=\"wall protected-content\">\n<div class=\"mc-column content-text active-extra-styles \" data-block-type=\"unstyled\" data-block-weight=\"56\" data-block-id=\"2\">&nbsp;<\/div>\n<\/div>\n<\/div>\n","protected":false},"excerpt":{"rendered":"<p>A tradicional festa em homenagem a Santo Ant\u00f4nio, padroeiro de Barra Grande come\u00e7a no pr\u00f3ximo s\u00e1bado (1) e vai at\u00e9 o dia (13). O evento inicia com uma missa na Igreja de Santo Ant\u00f4nio, \u00e0s 19h30h, na pra\u00e7a das Mangueiras.&nbsp;A programa\u00e7\u00e3o conta com atividades religiosas e culturais na igreja e na pra\u00e7a. A abertura ser\u00e1 com uma carreata marcada para sair \u00e0s 18h, da frente da casa de Suely, no bairro do Mangue Verde, percorrendo diversas ruas do distrito. A filarm\u00f4nica Lira da Concei\u00e7\u00e3o tamb\u00e9m estar\u00e1 presente e a missa ser\u00e1 celebrada pelo padre Dan\u00fabio. Missas e programa\u00e7\u00e3o social com [&hellip;]<\/p>\n","protected":false},"author":2,"featured_media":117138,"comment_status":"closed","ping_status":"open","sticky":false,"template":"","format":"standard","meta":[],"categories":[26,29,17,19,23],"tags":[1167],"_links":{"self":[{"href":"https:\/\/www.barragrande24horas.com.br\/v1\/wp-json\/wp\/v2\/posts\/117134"}],"collection":[{"href":"https:\/\/www.barragrande24horas.com.br\/v1\/wp-json\/wp\/v2\/posts"}],"about":[{"href":"https:\/\/www.barragrande24horas.com.br\/v1\/wp-json\/wp\/v2\/types\/post"}],"author":[{"embeddable":true,"href":"https:\/\/www.barragrande24horas.com.br\/v1\/wp-json\/wp\/v2\/users\/2"}],"replies":[{"embeddable":true,"href":"https:\/\/www.barragrande24horas.com.br\/v1\/wp-json\/wp\/v2\/comments?post=117134"}],"version-history":[{"count":2,"href":"https:\/\/www.barragrande24horas.com.br\/v1\/wp-json\/wp\/v2\/posts\/117134\/revisions"}],"predecessor-version":[{"id":117139,"href":"https:\/\/www.barragrande24horas.com.br\/v1\/wp-json\/wp\/v2\/posts\/117134\/revisions\/117139"}],"wp:featuredmedia":[{"embeddable":true,"href":"https:\/\/www.barragrande24horas.com.br\/v1\/wp-json\/wp\/v2\/media\/117138"}],"wp:attachment":[{"href":"https:\/\/www.barragrande24horas.com.br\/v1\/wp-json\/wp\/v2\/media?parent=117134"}],"wp:term":[{"taxonomy":"category","embeddable":true,"href":"https:\/\/www.barragrande24horas.com.br\/v1\/wp-json\/wp\/v2\/categories?post=117134"},{"taxonomy":"post_tag","embeddable":true,"href":"https:\/\/www.barragrande24horas.com.br\/v1\/wp-json\/wp\/v2\/tags?post=117134"}],"curies":[{"name":"wp","href":"https:\/\/api.w.org\/{rel}","templated":true}]}}