{"id":117068,"date":"2019-05-27T00:37:10","date_gmt":"2019-05-27T03:37:10","guid":{"rendered":"http:\/\/www.barragrande24horas.com.br\/v1\/?p=117068"},"modified":"2019-05-27T00:37:10","modified_gmt":"2019-05-27T03:37:10","slug":"marau-prefeita-gracinha-participa-de-seminario-internacional-de-gestao-publica","status":"publish","type":"post","link":"https:\/\/www.barragrande24horas.com.br\/v1\/2019\/05\/27\/marau-prefeita-gracinha-participa-de-seminario-internacional-de-gestao-publica\/","title":{"rendered":"Mara\u00fa: Prefeita Gracinha participa de Semin\u00e1rio Internacional de Gest\u00e3o P\u00fablica"},"content":{"rendered":"<div id=\"attachment_117070\" style=\"width: 601px\" class=\"wp-caption aligncenter\"><img aria-describedby=\"caption-attachment-117070\" loading=\"lazy\" class=\"wp-image-117070\" src=\"http:\/\/www.barragrande24horas.com.br\/v1\/wp-content\/uploads\/2019\/05\/WhatsApp_Image_2019-05-27_at_00.32.241.jpeg\" alt=\"\" width=\"591\" height=\"443\" srcset=\"https:\/\/www.barragrande24horas.com.br\/v1\/wp-content\/uploads\/2019\/05\/WhatsApp_Image_2019-05-27_at_00.32.241.jpeg 640w, https:\/\/www.barragrande24horas.com.br\/v1\/wp-content\/uploads\/2019\/05\/WhatsApp_Image_2019-05-27_at_00.32.241-300x225.jpeg 300w\" sizes=\"(max-width: 591px) 100vw, 591px\" \/><p id=\"caption-attachment-117070\" class=\"wp-caption-text\">Deputado Estadual Eduardo Salles, Prefeita Gracinha Viana e o Deputado Federal Ronaldo Carletto.<\/p><\/div>\n<p>A prefeita de Mara\u00fa, Gracinha Viana, participou do Semin\u00e1rio Internacional de Gest\u00e3o P\u00fablica realizado na \u00faltima sexta-feira, 24, na Terceira Via Hall, em Itabuna, ao lado do vice-governador do Estado, Jo\u00e3o Le\u00e3o e dos deputados Ronaldo Carletto e Eduardo Salles. O evento foi realizado pela Associa\u00e7\u00e3o dos Munic\u00edpios da Regi\u00e3o Cacaueira \u2013 Amurc, o F\u00f3rum Empresarial da Bahia.&nbsp;<\/p>\n<p><img loading=\"lazy\" class=\" wp-image-117071 aligncenter\" src=\"http:\/\/www.barragrande24horas.com.br\/v1\/wp-content\/uploads\/2019\/05\/WhatsApp_Image_2019-05-27_at_00.31.471.jpeg\" alt=\"\" width=\"576\" height=\"432\" srcset=\"https:\/\/www.barragrande24horas.com.br\/v1\/wp-content\/uploads\/2019\/05\/WhatsApp_Image_2019-05-27_at_00.31.471.jpeg 640w, https:\/\/www.barragrande24horas.com.br\/v1\/wp-content\/uploads\/2019\/05\/WhatsApp_Image_2019-05-27_at_00.31.471-300x225.jpeg 300w\" sizes=\"(max-width: 576px) 100vw, 576px\" \/><\/p>\n<p>No evento foram debatidos temas como saneamento b\u00e1sico, desenvolvimento econ\u00f4mico e gest\u00e3o dos res\u00edduos s\u00f3lidos. Quem tamb\u00e9m esteve presente foi o&nbsp;L\u00edder do governo na Assembleia Legislativa, o deputado estadual Rosemberg Pinto (PT) que n\u00e3o poupou elogios a prefeita Gracinha pela excelente gest\u00e3o a frente da prefeitura de Mara\u00fa.<\/p>\n<p>&nbsp;<\/p>\n","protected":false},"excerpt":{"rendered":"<p>A prefeita de Mara\u00fa, Gracinha Viana, participou do Semin\u00e1rio Internacional de Gest\u00e3o P\u00fablica realizado na \u00faltima sexta-feira, 24, na Terceira Via Hall, em Itabuna, ao lado do vice-governador do Estado, Jo\u00e3o Le\u00e3o e dos deputados Ronaldo Carletto e Eduardo Salles. O evento foi realizado pela Associa\u00e7\u00e3o dos Munic\u00edpios da Regi\u00e3o Cacaueira \u2013 Amurc, o F\u00f3rum Empresarial da Bahia.&nbsp; No evento foram debatidos temas como saneamento b\u00e1sico, desenvolvimento econ\u00f4mico e gest\u00e3o dos res\u00edduos s\u00f3lidos. Quem tamb\u00e9m esteve presente foi o&nbsp;L\u00edder do governo na Assembleia Legislativa, o deputado estadual Rosemberg Pinto (PT) que n\u00e3o poupou elogios a prefeita Gracinha pela excelente gest\u00e3o [&hellip;]<\/p>\n","protected":false},"author":2,"featured_media":117071,"comment_status":"closed","ping_status":"open","sticky":false,"template":"","format":"standard","meta":[],"categories":[8,26,29,17,19],"tags":[1151],"_links":{"self":[{"href":"https:\/\/www.barragrande24horas.com.br\/v1\/wp-json\/wp\/v2\/posts\/117068"}],"collection":[{"href":"https:\/\/www.barragrande24horas.com.br\/v1\/wp-json\/wp\/v2\/posts"}],"about":[{"href":"https:\/\/www.barragrande24horas.com.br\/v1\/wp-json\/wp\/v2\/types\/post"}],"author":[{"embeddable":true,"href":"https:\/\/www.barragrande24horas.com.br\/v1\/wp-json\/wp\/v2\/users\/2"}],"replies":[{"embeddable":true,"href":"https:\/\/www.barragrande24horas.com.br\/v1\/wp-json\/wp\/v2\/comments?post=117068"}],"version-history":[{"count":1,"href":"https:\/\/www.barragrande24horas.com.br\/v1\/wp-json\/wp\/v2\/posts\/117068\/revisions"}],"predecessor-version":[{"id":117072,"href":"https:\/\/www.barragrande24horas.com.br\/v1\/wp-json\/wp\/v2\/posts\/117068\/revisions\/117072"}],"wp:featuredmedia":[{"embeddable":true,"href":"https:\/\/www.barragrande24horas.com.br\/v1\/wp-json\/wp\/v2\/media\/117071"}],"wp:attachment":[{"href":"https:\/\/www.barragrande24horas.com.br\/v1\/wp-json\/wp\/v2\/media?parent=117068"}],"wp:term":[{"taxonomy":"category","embeddable":true,"href":"https:\/\/www.barragrande24horas.com.br\/v1\/wp-json\/wp\/v2\/categories?post=117068"},{"taxonomy":"post_tag","embeddable":true,"href":"https:\/\/www.barragrande24horas.com.br\/v1\/wp-json\/wp\/v2\/tags?post=117068"}],"curies":[{"name":"wp","href":"https:\/\/api.w.org\/{rel}","templated":true}]}}