{"id":116981,"date":"2019-05-20T10:20:48","date_gmt":"2019-05-20T13:20:48","guid":{"rendered":"http:\/\/www.barragrande24horas.com.br\/v1\/?p=116981"},"modified":"2019-05-20T10:20:48","modified_gmt":"2019-05-20T13:20:48","slug":"julio-cesar-parabeniza-prefeita-gracinha-pela-construcao-da-escola-do-ponto-do-cafe-e-solicita-criacao-de-espacos-de-lazer-nas-escolas","status":"publish","type":"post","link":"https:\/\/www.barragrande24horas.com.br\/v1\/2019\/05\/20\/julio-cesar-parabeniza-prefeita-gracinha-pela-construcao-da-escola-do-ponto-do-cafe-e-solicita-criacao-de-espacos-de-lazer-nas-escolas\/","title":{"rendered":"J\u00falio C\u00e9sar parabeniza prefeita Gracinha pela constru\u00e7\u00e3o da escola do Ponto do Caf\u00e9 e solicita cria\u00e7\u00e3o de espa\u00e7os de lazer nas escolas"},"content":{"rendered":"<p><img loading=\"lazy\" class=\" wp-image-116901 aligncenter\" src=\"http:\/\/www.barragrande24horas.com.br\/v1\/wp-content\/uploads\/2019\/05\/WhatsApp-Image-2019-04-15-at-02.17.23.jpeg\" alt=\"\" width=\"559\" height=\"339\" srcset=\"https:\/\/www.barragrande24horas.com.br\/v1\/wp-content\/uploads\/2019\/05\/WhatsApp-Image-2019-04-15-at-02.17.23.jpeg 1280w, https:\/\/www.barragrande24horas.com.br\/v1\/wp-content\/uploads\/2019\/05\/WhatsApp-Image-2019-04-15-at-02.17.23-300x182.jpeg 300w, https:\/\/www.barragrande24horas.com.br\/v1\/wp-content\/uploads\/2019\/05\/WhatsApp-Image-2019-04-15-at-02.17.23-768x466.jpeg 768w, https:\/\/www.barragrande24horas.com.br\/v1\/wp-content\/uploads\/2019\/05\/WhatsApp-Image-2019-04-15-at-02.17.23-1024x622.jpeg 1024w\" sizes=\"(max-width: 559px) 100vw, 559px\" \/><\/p>\n<p>O vereador J\u00falio C\u00e9sar (PRTB) refor\u00e7ou o pedido feito na sess\u00e3o anterior sobre a poss\u00edvel cria\u00e7\u00e3o de novos espa\u00e7os de lazer nas escolas municipais. De acordo com o vereador \u00e9 de extrema import\u00e2ncia sua indica\u00e7\u00e3o. O edil aproveitou tamb\u00e9m para pedir um pouco mais de celeridade no conserto da patrol da prefeitura, para que retorne os servi\u00e7os na estrada da Santa Maria.<\/p>\n<p>J\u00falio C\u00e9sar ainda parabenizou a Prefeita Gracinha e o Secret\u00e1rio de Educa\u00e7\u00e3o, Ant\u00f4nio Carlos, pela reforma e amplia\u00e7\u00e3o da escola Roberto Adami S\u00e1, no Ponto do Caf\u00e9. O parlamentar ainda refor\u00e7ou na sess\u00e3o, a import\u00e2ncia da vinda do Centro Judici\u00e1rio de Solu\u00e7\u00e3o de Conflitos e Cidadania (Cejusc), que ir\u00e1 ajudar a popula\u00e7\u00e3o local na resolu\u00e7\u00e3o mais r\u00e1pida dos pequenos conflitos.<\/p>\n","protected":false},"excerpt":{"rendered":"<p>O vereador J\u00falio C\u00e9sar (PRTB) refor\u00e7ou o pedido feito na sess\u00e3o anterior sobre a poss\u00edvel cria\u00e7\u00e3o de novos espa\u00e7os de lazer nas escolas municipais. De acordo com o vereador \u00e9 de extrema import\u00e2ncia sua indica\u00e7\u00e3o. O edil aproveitou tamb\u00e9m para pedir um pouco mais de celeridade no conserto da patrol da prefeitura, para que retorne os servi\u00e7os na estrada da Santa Maria. J\u00falio C\u00e9sar ainda parabenizou a Prefeita Gracinha e o Secret\u00e1rio de Educa\u00e7\u00e3o, Ant\u00f4nio Carlos, pela reforma e amplia\u00e7\u00e3o da escola Roberto Adami S\u00e1, no Ponto do Caf\u00e9. O parlamentar ainda refor\u00e7ou na sess\u00e3o, a import\u00e2ncia da vinda do [&hellip;]<\/p>\n","protected":false},"author":2,"featured_media":116904,"comment_status":"closed","ping_status":"open","sticky":false,"template":"","format":"standard","meta":[],"categories":[29,17,20],"tags":[1128],"_links":{"self":[{"href":"https:\/\/www.barragrande24horas.com.br\/v1\/wp-json\/wp\/v2\/posts\/116981"}],"collection":[{"href":"https:\/\/www.barragrande24horas.com.br\/v1\/wp-json\/wp\/v2\/posts"}],"about":[{"href":"https:\/\/www.barragrande24horas.com.br\/v1\/wp-json\/wp\/v2\/types\/post"}],"author":[{"embeddable":true,"href":"https:\/\/www.barragrande24horas.com.br\/v1\/wp-json\/wp\/v2\/users\/2"}],"replies":[{"embeddable":true,"href":"https:\/\/www.barragrande24horas.com.br\/v1\/wp-json\/wp\/v2\/comments?post=116981"}],"version-history":[{"count":1,"href":"https:\/\/www.barragrande24horas.com.br\/v1\/wp-json\/wp\/v2\/posts\/116981\/revisions"}],"predecessor-version":[{"id":116982,"href":"https:\/\/www.barragrande24horas.com.br\/v1\/wp-json\/wp\/v2\/posts\/116981\/revisions\/116982"}],"wp:featuredmedia":[{"embeddable":true,"href":"https:\/\/www.barragrande24horas.com.br\/v1\/wp-json\/wp\/v2\/media\/116904"}],"wp:attachment":[{"href":"https:\/\/www.barragrande24horas.com.br\/v1\/wp-json\/wp\/v2\/media?parent=116981"}],"wp:term":[{"taxonomy":"category","embeddable":true,"href":"https:\/\/www.barragrande24horas.com.br\/v1\/wp-json\/wp\/v2\/categories?post=116981"},{"taxonomy":"post_tag","embeddable":true,"href":"https:\/\/www.barragrande24horas.com.br\/v1\/wp-json\/wp\/v2\/tags?post=116981"}],"curies":[{"name":"wp","href":"https:\/\/api.w.org\/{rel}","templated":true}]}}