{"id":116943,"date":"2019-05-19T22:24:23","date_gmt":"2019-05-20T01:24:23","guid":{"rendered":"http:\/\/www.barragrande24horas.com.br\/v1\/?p=116943"},"modified":"2019-05-19T22:24:23","modified_gmt":"2019-05-20T01:24:23","slug":"vereador-adson-agradece-prefeita-pelo-mutirao-de-limpeza-em-tremembe","status":"publish","type":"post","link":"https:\/\/www.barragrande24horas.com.br\/v1\/2019\/05\/19\/vereador-adson-agradece-prefeita-pelo-mutirao-de-limpeza-em-tremembe\/","title":{"rendered":"Vereador Adson agradece prefeita pelo mutir\u00e3o de limpeza em Trememb\u00e9\u00a0"},"content":{"rendered":"<p><img loading=\"lazy\" class=\" wp-image-116966 aligncenter\" src=\"http:\/\/www.barragrande24horas.com.br\/v1\/wp-content\/uploads\/2019\/05\/WhatsApp-Image-2019-02-27-at-13.03.35.jpeg\" alt=\"\" width=\"572\" height=\"382\" srcset=\"https:\/\/www.barragrande24horas.com.br\/v1\/wp-content\/uploads\/2019\/05\/WhatsApp-Image-2019-02-27-at-13.03.35.jpeg 1068w, https:\/\/www.barragrande24horas.com.br\/v1\/wp-content\/uploads\/2019\/05\/WhatsApp-Image-2019-02-27-at-13.03.35-300x200.jpeg 300w, https:\/\/www.barragrande24horas.com.br\/v1\/wp-content\/uploads\/2019\/05\/WhatsApp-Image-2019-02-27-at-13.03.35-768x512.jpeg 768w, https:\/\/www.barragrande24horas.com.br\/v1\/wp-content\/uploads\/2019\/05\/WhatsApp-Image-2019-02-27-at-13.03.35-1024x683.jpeg 1024w\" sizes=\"(max-width: 572px) 100vw, 572px\" \/><\/p>\n<p>O vereador Adson agradeceu a prefeita Gracinha Viana e a Secretaria de Infraestrutura, pela realiza\u00e7\u00e3o do mutir\u00e3o de limpeza e demais servi\u00e7os que est\u00e1 acontecendo no povoado de Trememb\u00e9. Adson solicitou ainda que o servi\u00e7o seja levado para as comunidades vizinhas de Santa Maria, Gamboa e Quitungo.<\/p>\n<p>O vereador aproveitou para solicitar que a Secretaria de Infraestrutura envie uma ca\u00e7amba com material para ser colocado na estrada da regi\u00e3o do Min\u00e9rio para melhorar o trajeto do \u00f4nibus escolar.&nbsp;<\/p>\n","protected":false},"excerpt":{"rendered":"<p>O vereador Adson agradeceu a prefeita Gracinha Viana e a Secretaria de Infraestrutura, pela realiza\u00e7\u00e3o do mutir\u00e3o de limpeza e demais servi\u00e7os que est\u00e1 acontecendo no povoado de Trememb\u00e9. Adson solicitou ainda que o servi\u00e7o seja levado para as comunidades vizinhas de Santa Maria, Gamboa e Quitungo. O vereador aproveitou para solicitar que a Secretaria de Infraestrutura envie uma ca\u00e7amba com material para ser colocado na estrada da regi\u00e3o do Min\u00e9rio para melhorar o trajeto do \u00f4nibus escolar.&nbsp;<\/p>\n","protected":false},"author":2,"featured_media":116862,"comment_status":"closed","ping_status":"open","sticky":false,"template":"","format":"standard","meta":[],"categories":[29,17,1,27],"tags":[1122],"_links":{"self":[{"href":"https:\/\/www.barragrande24horas.com.br\/v1\/wp-json\/wp\/v2\/posts\/116943"}],"collection":[{"href":"https:\/\/www.barragrande24horas.com.br\/v1\/wp-json\/wp\/v2\/posts"}],"about":[{"href":"https:\/\/www.barragrande24horas.com.br\/v1\/wp-json\/wp\/v2\/types\/post"}],"author":[{"embeddable":true,"href":"https:\/\/www.barragrande24horas.com.br\/v1\/wp-json\/wp\/v2\/users\/2"}],"replies":[{"embeddable":true,"href":"https:\/\/www.barragrande24horas.com.br\/v1\/wp-json\/wp\/v2\/comments?post=116943"}],"version-history":[{"count":1,"href":"https:\/\/www.barragrande24horas.com.br\/v1\/wp-json\/wp\/v2\/posts\/116943\/revisions"}],"predecessor-version":[{"id":116967,"href":"https:\/\/www.barragrande24horas.com.br\/v1\/wp-json\/wp\/v2\/posts\/116943\/revisions\/116967"}],"wp:featuredmedia":[{"embeddable":true,"href":"https:\/\/www.barragrande24horas.com.br\/v1\/wp-json\/wp\/v2\/media\/116862"}],"wp:attachment":[{"href":"https:\/\/www.barragrande24horas.com.br\/v1\/wp-json\/wp\/v2\/media?parent=116943"}],"wp:term":[{"taxonomy":"category","embeddable":true,"href":"https:\/\/www.barragrande24horas.com.br\/v1\/wp-json\/wp\/v2\/categories?post=116943"},{"taxonomy":"post_tag","embeddable":true,"href":"https:\/\/www.barragrande24horas.com.br\/v1\/wp-json\/wp\/v2\/tags?post=116943"}],"curies":[{"name":"wp","href":"https:\/\/api.w.org\/{rel}","templated":true}]}}