{"id":116896,"date":"2019-05-14T11:55:34","date_gmt":"2019-05-14T14:55:34","guid":{"rendered":"http:\/\/www.barragrande24horas.com.br\/v1\/?p=116896"},"modified":"2019-05-14T11:56:11","modified_gmt":"2019-05-14T14:56:11","slug":"marau-vereador-vado-pede-audiencia-com-ministro-de-infraestrutura-para-tratar-sobre-o-asfalto-da-br-030","status":"publish","type":"post","link":"https:\/\/www.barragrande24horas.com.br\/v1\/2019\/05\/14\/marau-vereador-vado-pede-audiencia-com-ministro-de-infraestrutura-para-tratar-sobre-o-asfalto-da-br-030\/","title":{"rendered":"Mara\u00fa: Vereador Vado pede audi\u00eancia com Ministro de Infraestrutura para tratar sobre o asfalto da BR-030"},"content":{"rendered":"<div id=\"attachment_116897\" style=\"width: 580px\" class=\"wp-caption aligncenter\"><img aria-describedby=\"caption-attachment-116897\" loading=\"lazy\" class=\"wp-image-116897\" src=\"http:\/\/www.barragrande24horas.com.br\/v1\/wp-content\/uploads\/2019\/05\/WhatsApp-Image-2019-05-09-at-09.04.30-300x200.jpeg\" alt=\"\" width=\"570\" height=\"380\" srcset=\"https:\/\/www.barragrande24horas.com.br\/v1\/wp-content\/uploads\/2019\/05\/WhatsApp-Image-2019-05-09-at-09.04.30-300x200.jpeg 300w, https:\/\/www.barragrande24horas.com.br\/v1\/wp-content\/uploads\/2019\/05\/WhatsApp-Image-2019-05-09-at-09.04.30-768x512.jpeg 768w, https:\/\/www.barragrande24horas.com.br\/v1\/wp-content\/uploads\/2019\/05\/WhatsApp-Image-2019-05-09-at-09.04.30-1024x682.jpeg 1024w, https:\/\/www.barragrande24horas.com.br\/v1\/wp-content\/uploads\/2019\/05\/WhatsApp-Image-2019-05-09-at-09.04.30.jpeg 1280w\" sizes=\"(max-width: 570px) 100vw, 570px\" \/><p id=\"caption-attachment-116897\" class=\"wp-caption-text\">Vereador Vado<\/p><\/div>\n<p>Na \u00faltima sess\u00e3o da c\u00e2mara, o vereador Osvaldo Ferreira Mota (Vado) falou sobre a situa\u00e7\u00e3o da BR-030. Vado aproveitou para criticar o Governador Rui Costa que em 2016, prometeu asfaltar o trecho de 24km que da acesso a sede do munic\u00edpio e que at\u00e9 hoje n\u00e3o saiu do papel, mas ele autorizou um investimento de 29,9 milh\u00f5es na recupera\u00e7\u00e3o de diversas estradas na Bahia, deixando novamente Mara\u00fa de fora.<\/p>\n<p><iframe loading=\"lazy\" title=\"Vereador Vado pede audi\u00eancia com Ministro de Infraestrutura\" width=\"1200\" height=\"675\" src=\"https:\/\/www.youtube.com\/embed\/Zq2VcWaohtA?feature=oembed\" frameborder=\"0\" allow=\"accelerometer; autoplay; clipboard-write; encrypted-media; gyroscope; picture-in-picture\" allowfullscreen><\/iframe><\/p>\n<p>O vereador aproveitou para pedir ao presidente da c\u00e2mara que pudesse tentar marcar uma audi\u00eancia com o Ministro da Infraestrutura do Governo Bolsonaro, para levar a pauta e explicar a problem\u00e1tica da rodovia federal ao conhecimento do novo ministro. O edil disse que o povo n\u00e3o aguenta mais ser humilhado e desmoralizado diante dos anos de descasos do Governo Federal e Estadual com o povo de Mara\u00fa.<\/p>\n<div class=\"breadcrumb\">&nbsp;<\/div>\n","protected":false},"excerpt":{"rendered":"<p>Na \u00faltima sess\u00e3o da c\u00e2mara, o vereador Osvaldo Ferreira Mota (Vado) falou sobre a situa\u00e7\u00e3o da BR-030. Vado aproveitou para criticar o Governador Rui Costa que em 2016, prometeu asfaltar o trecho de 24km que da acesso a sede do munic\u00edpio e que at\u00e9 hoje n\u00e3o saiu do papel, mas ele autorizou um investimento de 29,9 milh\u00f5es na recupera\u00e7\u00e3o de diversas estradas na Bahia, deixando novamente Mara\u00fa de fora. O vereador aproveitou para pedir ao presidente da c\u00e2mara que pudesse tentar marcar uma audi\u00eancia com o Ministro da Infraestrutura do Governo Bolsonaro, para levar a pauta e explicar a problem\u00e1tica [&hellip;]<\/p>\n","protected":false},"author":2,"featured_media":116897,"comment_status":"closed","ping_status":"open","sticky":false,"template":"","format":"standard","meta":[],"categories":[29,17,19,27,28],"tags":[1104],"_links":{"self":[{"href":"https:\/\/www.barragrande24horas.com.br\/v1\/wp-json\/wp\/v2\/posts\/116896"}],"collection":[{"href":"https:\/\/www.barragrande24horas.com.br\/v1\/wp-json\/wp\/v2\/posts"}],"about":[{"href":"https:\/\/www.barragrande24horas.com.br\/v1\/wp-json\/wp\/v2\/types\/post"}],"author":[{"embeddable":true,"href":"https:\/\/www.barragrande24horas.com.br\/v1\/wp-json\/wp\/v2\/users\/2"}],"replies":[{"embeddable":true,"href":"https:\/\/www.barragrande24horas.com.br\/v1\/wp-json\/wp\/v2\/comments?post=116896"}],"version-history":[{"count":2,"href":"https:\/\/www.barragrande24horas.com.br\/v1\/wp-json\/wp\/v2\/posts\/116896\/revisions"}],"predecessor-version":[{"id":116899,"href":"https:\/\/www.barragrande24horas.com.br\/v1\/wp-json\/wp\/v2\/posts\/116896\/revisions\/116899"}],"wp:featuredmedia":[{"embeddable":true,"href":"https:\/\/www.barragrande24horas.com.br\/v1\/wp-json\/wp\/v2\/media\/116897"}],"wp:attachment":[{"href":"https:\/\/www.barragrande24horas.com.br\/v1\/wp-json\/wp\/v2\/media?parent=116896"}],"wp:term":[{"taxonomy":"category","embeddable":true,"href":"https:\/\/www.barragrande24horas.com.br\/v1\/wp-json\/wp\/v2\/categories?post=116896"},{"taxonomy":"post_tag","embeddable":true,"href":"https:\/\/www.barragrande24horas.com.br\/v1\/wp-json\/wp\/v2\/tags?post=116896"}],"curies":[{"name":"wp","href":"https:\/\/api.w.org\/{rel}","templated":true}]}}