{"id":116892,"date":"2019-05-14T10:32:57","date_gmt":"2019-05-14T13:32:57","guid":{"rendered":"http:\/\/www.barragrande24horas.com.br\/v1\/?p=116892"},"modified":"2019-05-14T10:32:57","modified_gmt":"2019-05-14T13:32:57","slug":"bolsonaro-sanciona-lei-que-permite-a-policial-afastar-agressor-da-mulher-sem-aval-da-justica","status":"publish","type":"post","link":"https:\/\/www.barragrande24horas.com.br\/v1\/2019\/05\/14\/bolsonaro-sanciona-lei-que-permite-a-policial-afastar-agressor-da-mulher-sem-aval-da-justica\/","title":{"rendered":"Bolsonaro sanciona lei que permite a policial afastar agressor da mulher sem aval da Justi\u00e7a"},"content":{"rendered":"<div class=\"mc-column content-text active-extra-styles active-capital-letter\" data-block-type=\"unstyled\" data-block-weight=\"59\" data-block-id=\"1\">\n<p data-track-category=\"Link no Texto\" data-track-links=\"\"><img loading=\"lazy\" class=\"aligncenter wp-image-116894\" src=\"http:\/\/www.barragrande24horas.com.br\/v1\/wp-content\/uploads\/2019\/05\/1556155178_5cc10b2adaf73-300x160.jpeg\" alt=\"\" width=\"560\" height=\"299\" srcset=\"https:\/\/www.barragrande24horas.com.br\/v1\/wp-content\/uploads\/2019\/05\/1556155178_5cc10b2adaf73-300x160.jpeg 300w, https:\/\/www.barragrande24horas.com.br\/v1\/wp-content\/uploads\/2019\/05\/1556155178_5cc10b2adaf73.jpeg 750w\" sizes=\"(max-width: 560px) 100vw, 560px\" \/><\/p>\n<p class=\"content-text__container theme-color-primary-first-letter\" data-track-category=\"Link no Texto\" data-track-links=\"\">O presidente&nbsp;<a href=\"https:\/\/g1.globo.com\/politica\/politico\/jair-bolsonaro\/\">Jair Bolsonaro<\/a>&nbsp;sancionou uma lei aprovada pelo Congresso que permite \u00e0 pol\u00edcia tirar o agressor do conv\u00edvio da mulher agredida sem necessidade de aguardar uma decis\u00e3o da Justi\u00e7a quando a cidade n\u00e3o for sede de comarca judicial. Atualmente, 83% da popula\u00e7\u00e3o vive em munic\u00edpios que s\u00e3o sede de comarca judicial, segundo o Conselho Nacional de Justi\u00e7a (CNJ).<\/p>\n<\/div>\n<div class=\"wall protected-content\">\n<div class=\"mc-column content-text active-extra-styles \" data-block-type=\"unstyled\" data-block-weight=\"52\" data-block-id=\"2\">\n<div class=\"mc-column content-text active-extra-styles \" data-block-type=\"unstyled\" data-block-weight=\"52\" data-block-id=\"2\">\n<p class=\"content-text__container \" data-track-category=\"Link no Texto\" data-track-links=\"\">O texto publicado nesta ter\u00e7a-feira (14), no&nbsp;<a href=\"http:\/\/www.in.gov.br\/web\/dou\/-\/lei-n%C2%BA-13.827-de-13-de-maio-de-2019-96113271\" target=\"_blank\" rel=\"noopener\">&#8220;Di\u00e1rio Oficial da Uni\u00e3o&#8221;<\/a>, permite que, nesses casos, o delegado ou, na aus\u00eancia dele, outro policial estabele\u00e7a o imediato afastamento do agressor. A medida deve ser comunicada \u00e0 Justi\u00e7a em 24 horas, que decidir\u00e1 pela manuten\u00e7\u00e3o ou revoga\u00e7\u00e3o dela. O Minist\u00e9rio P\u00fablico dever\u00e1 ser comunicado.<\/p>\n<\/div>\n<div class=\"mc-column content-text active-extra-styles \" data-block-type=\"unstyled\" data-block-weight=\"37\" data-block-id=\"3\">\n<div class=\"mc-column content-text active-extra-styles \" data-block-type=\"unstyled\" data-block-weight=\"37\" data-block-id=\"3\">\n<p class=\"content-text__container \" data-track-category=\"Link no Texto\" data-track-links=\"\">Conforme a lei atualmente em vigor, a mulher v\u00edtima de viol\u00eancia pede prote\u00e7\u00e3o \u00e0 Justi\u00e7a e, somente ap\u00f3s a an\u00e1lise de um juiz, \u00e9 que as medidas podem ser aplicadas, o que leva em m\u00e9dia 48 horas.<\/p>\n<\/div>\n<div class=\"mc-column content-text active-extra-styles \" data-block-type=\"unstyled\" data-block-weight=\"28\" data-block-id=\"4\">\n<div class=\"mc-column content-text active-extra-styles \" data-block-type=\"unstyled\" data-block-weight=\"28\" data-block-id=\"4\">\n<p class=\"content-text__container \" data-track-category=\"Link no Texto\" data-track-links=\"\">O texto, que modifica a lei Maria da Penha,&nbsp;<a href=\"https:\/\/g1.globo.com\/politica\/noticia\/2018\/08\/14\/camara-aprova-projeto-que-permite-afastar-agressor-de-mulher-sem-decisao-judicial.ghtml\">passou pela C\u00e2mara dos Deputados<\/a>&nbsp;em agosto do ano passado e foi&nbsp;<a href=\"https:\/\/g1.globo.com\/politica\/noticia\/2019\/04\/09\/senado-aprova-aplicacao-imediata-de-medidas-protetivas-a-vitimas-de-violencia-domestica.ghtml\">aprovado no Senado<\/a>&nbsp;em abril deste ano.<\/p>\n<\/div>\n<div class=\"mc-column content-text active-extra-styles\" data-block-type=\"raw\" data-block-weight=\"2\" data-block-id=\"5\">\n<div class=\"content-intertitle\">\n<article>\n<div class=\"wall protected-content\">\n<div class=\"mc-column content-text active-extra-styles\" data-block-type=\"raw\" data-block-weight=\"2\" data-block-id=\"5\">\n<div class=\"content-intertitle\">\n<h2>Nova reda\u00e7\u00e3o<\/h2>\n<\/div>\n<\/div>\n<div class=\"mc-column content-text active-extra-styles \" data-block-type=\"unstyled\" data-block-weight=\"48\" data-block-id=\"6\">\n<p class=\"content-text__container \" data-track-category=\"Link no Texto\" data-track-links=\"\">De acordo com o novo texto, &#8220;verificada a exist\u00eancia de risco atual ou iminente \u00e0 vida ou \u00e0 integridade f\u00edsica da mulher em situa\u00e7\u00e3o de viol\u00eancia dom\u00e9stica e familiar, ou de seus dependentes, o agressor ser\u00e1 imediatamente afastado do lar, domic\u00edlio ou local de conviv\u00eancia com a ofendida&#8221;:<\/p>\n<\/div>\n<div class=\"mc-column content-text active-extra-styles\" data-block-type=\"raw\" data-block-weight=\"35\" data-block-id=\"7\">\n<ul class=\"content-unordered-list\">\n<li>pela autoridade judicial;<\/li>\n<li>pelo delegado de pol\u00edcia, quando o Munic\u00edpio n\u00e3o for sede de comarca; ou<\/li>\n<li>pelo policial, quando o Munic\u00edpio n\u00e3o for sede de comarca e n\u00e3o houver delegado dispon\u00edvel no momento da den\u00fancia.<\/li>\n<\/ul>\n<\/div>\n<div class=\"mc-column content-text active-extra-styles \" data-block-type=\"unstyled\" data-block-weight=\"45\" data-block-id=\"8\">\n<p class=\"content-text__container \" data-track-category=\"Link no Texto\" data-track-links=\"\">Em 2017, o ent\u00e3o presidente Michel Temer&nbsp;<a href=\"https:\/\/g1.globo.com\/politica\/noticia\/governo-sanciona-com-vetos-projeto-que-altera-lei-maria-da-penha.ghtml\">vetou uma iniciativa semelhante<\/a>. Um dos argumentos foi o de que o item poderia ser futuramente questionado no Supremo Tribunal Federal (STF) e enfraquecer a Lei Maria da Penha, pois permitiria a policiais invadir a compet\u00eancia da Justi\u00e7a.<\/p>\n<\/div>\n<div data-track-category=\"multicontent\" data-track-action=\"ultimo chunk conteudo\" data-track-noninteraction=\"false\" data-track-scroll=\"view\">\n<div class=\"mc-column content-text active-extra-styles \" data-block-type=\"unstyled\" data-block-weight=\"44\" data-block-id=\"9\">\n<p class=\"content-text__container \" data-track-category=\"Link no Texto\" data-track-links=\"\">Entidades como a Ordem dos Advogados do Brasil (OAB), a Defensoria P\u00fablica e o Minist\u00e9rio P\u00fablico haviam se manifestado contra o texto que acabou vetado por Temer. Eles temiam que a medida fosse questionada no STF e levasse ao enfraquecimento da Maria da Penha.<\/p>\n<\/div>\n<\/div>\n<\/div>\n<\/article>\n<div class=\"mc-column entities\">&nbsp;<\/div>\n<div class=\"content-ads content-ads--outside-grid\" data-block-type=\"ads\" data-block-id=\"10\">\n<div id=\"banner_materia2\" class=\"tag-manager-publicidade-container has-ad-lazyload\" data-id=\"banner_materia2\">&nbsp;<\/div>\n<\/div>\n<div class=\"shadow-video-flow shadow-video-flow--control\" data-reference-video-id=\"\">&nbsp;<\/div>\n<div class=\"mc-column comments\">\n<div id=\"boxComentarios\" class=\"glbComentarios\">&nbsp;<\/div>\n<\/div>\n<\/div>\n<\/div>\n<\/div>\n<\/div>\n<\/div>\n<\/div>\n","protected":false},"excerpt":{"rendered":"<p>O presidente&nbsp;Jair Bolsonaro&nbsp;sancionou uma lei aprovada pelo Congresso que permite \u00e0 pol\u00edcia tirar o agressor do conv\u00edvio da mulher agredida sem necessidade de aguardar uma decis\u00e3o da Justi\u00e7a quando a cidade n\u00e3o for sede de comarca judicial. Atualmente, 83% da popula\u00e7\u00e3o vive em munic\u00edpios que s\u00e3o sede de comarca judicial, segundo o Conselho Nacional de Justi\u00e7a (CNJ). O texto publicado nesta ter\u00e7a-feira (14), no&nbsp;&#8220;Di\u00e1rio Oficial da Uni\u00e3o&#8221;, permite que, nesses casos, o delegado ou, na aus\u00eancia dele, outro policial estabele\u00e7a o imediato afastamento do agressor. A medida deve ser comunicada \u00e0 Justi\u00e7a em 24 horas, que decidir\u00e1 pela manuten\u00e7\u00e3o ou [&hellip;]<\/p>\n","protected":false},"author":2,"featured_media":116894,"comment_status":"closed","ping_status":"open","sticky":false,"template":"","format":"standard","meta":[],"categories":[8,26,29,17,18],"tags":[1103],"_links":{"self":[{"href":"https:\/\/www.barragrande24horas.com.br\/v1\/wp-json\/wp\/v2\/posts\/116892"}],"collection":[{"href":"https:\/\/www.barragrande24horas.com.br\/v1\/wp-json\/wp\/v2\/posts"}],"about":[{"href":"https:\/\/www.barragrande24horas.com.br\/v1\/wp-json\/wp\/v2\/types\/post"}],"author":[{"embeddable":true,"href":"https:\/\/www.barragrande24horas.com.br\/v1\/wp-json\/wp\/v2\/users\/2"}],"replies":[{"embeddable":true,"href":"https:\/\/www.barragrande24horas.com.br\/v1\/wp-json\/wp\/v2\/comments?post=116892"}],"version-history":[{"count":1,"href":"https:\/\/www.barragrande24horas.com.br\/v1\/wp-json\/wp\/v2\/posts\/116892\/revisions"}],"predecessor-version":[{"id":116895,"href":"https:\/\/www.barragrande24horas.com.br\/v1\/wp-json\/wp\/v2\/posts\/116892\/revisions\/116895"}],"wp:featuredmedia":[{"embeddable":true,"href":"https:\/\/www.barragrande24horas.com.br\/v1\/wp-json\/wp\/v2\/media\/116894"}],"wp:attachment":[{"href":"https:\/\/www.barragrande24horas.com.br\/v1\/wp-json\/wp\/v2\/media?parent=116892"}],"wp:term":[{"taxonomy":"category","embeddable":true,"href":"https:\/\/www.barragrande24horas.com.br\/v1\/wp-json\/wp\/v2\/categories?post=116892"},{"taxonomy":"post_tag","embeddable":true,"href":"https:\/\/www.barragrande24horas.com.br\/v1\/wp-json\/wp\/v2\/tags?post=116892"}],"curies":[{"name":"wp","href":"https:\/\/api.w.org\/{rel}","templated":true}]}}