{"id":116674,"date":"2019-04-29T19:47:05","date_gmt":"2019-04-29T22:47:05","guid":{"rendered":"http:\/\/www.barragrande24horas.com.br\/v1\/?p=116674"},"modified":"2019-04-29T19:47:05","modified_gmt":"2019-04-29T22:47:05","slug":"mais-um-ex-vereador-e-candidato-pela-oposicao-neto-madeireira-declara-apoio-a-prefeita-de-marau-gracinha-viana","status":"publish","type":"post","link":"https:\/\/www.barragrande24horas.com.br\/v1\/2019\/04\/29\/mais-um-ex-vereador-e-candidato-pela-oposicao-neto-madeireira-declara-apoio-a-prefeita-de-marau-gracinha-viana\/","title":{"rendered":"Mais um: Ex-vereador e candidato pela oposi\u00e7\u00e3o Neto Madeireira, declara apoio a prefeita de Mara\u00fa Gracinha Viana"},"content":{"rendered":"<div id=\"attachment_116675\" style=\"width: 587px\" class=\"wp-caption aligncenter\"><img aria-describedby=\"caption-attachment-116675\" loading=\"lazy\" class=\" wp-image-116675\" src=\"http:\/\/www.barragrande24horas.com.br\/v1\/wp-content\/uploads\/2019\/04\/WhatsApp-Image-2019-04-29-at-15.28.59.jpeg\" alt=\"\" width=\"577\" height=\"373\" srcset=\"https:\/\/www.barragrande24horas.com.br\/v1\/wp-content\/uploads\/2019\/04\/WhatsApp-Image-2019-04-29-at-15.28.59.jpeg 1280w, https:\/\/www.barragrande24horas.com.br\/v1\/wp-content\/uploads\/2019\/04\/WhatsApp-Image-2019-04-29-at-15.28.59-300x194.jpeg 300w, https:\/\/www.barragrande24horas.com.br\/v1\/wp-content\/uploads\/2019\/04\/WhatsApp-Image-2019-04-29-at-15.28.59-768x497.jpeg 768w, https:\/\/www.barragrande24horas.com.br\/v1\/wp-content\/uploads\/2019\/04\/WhatsApp-Image-2019-04-29-at-15.28.59-1024x662.jpeg 1024w\" sizes=\"(max-width: 577px) 100vw, 577px\" \/><p id=\"caption-attachment-116675\" class=\"wp-caption-text\">Neto madeireira ao lado da prefeita Gracinha Viana e do ex-candidato a vereador pela oposi\u00e7\u00e3o, Irm\u00e3o Ari<\/p><\/div>\n<p>Na manh\u00e3 deste \u00faltimo domingo (28\/04), o ex-vereador Neto Madeireira, declarou apoio ao grupo pol\u00edtico liderado pela prefeita de Mara\u00fa, Gracinha Viana.&nbsp;Segundo ele, sua decis\u00e3o tem o objetivo \u00fanico de poder trabalhar ainda mais por Mara\u00fa. Neto tamb\u00e9m falou que deu seu depoimento em Salvador, contra o grupo de oposi\u00e7\u00e3o que acusava a prefeita de compra de votos na justi\u00e7a eleitoral.<\/p>\n<div class=\"mnmd-responsive-video\"><iframe loading=\"lazy\" title=\"Neto Madeireira declara apoio a prefeita de Mara\u00fa\" width=\"1200\" height=\"675\" src=\"https:\/\/www.youtube.com\/embed\/eBUfpaldMkk?feature=oembed\" frameborder=\"0\" allow=\"accelerometer; autoplay; clipboard-write; encrypted-media; gyroscope; picture-in-picture\" allowfullscreen><\/iframe><\/div>\n<p>Neto disse que a o grupo e oposi\u00e7\u00e3o usou de cal\u00fanias para prejudicar o bom trabalho feito no munic\u00edpio pela prefeita Gracinha. \u201cProcurei a prefeita Gracinha Viana, e declarei nosso apoio a ela, pelo bom trabalho que ela vem fazendo a frente da gest\u00e3o do munic\u00edpio, melhorando a sa\u00fade, infraestrutura e educa\u00e7\u00e3o\u201d, disse Neto.<\/p>\n<p>Neto Madeireira, \u00e9 ex-vereador pelo PT e tamb\u00e9m ex-secret\u00e1rio municipal de Infraestrutura, e agora passa oficialmente a integrar o grupo pol\u00edtico de apoio a gest\u00e3o Gracinha Viana.&nbsp;<\/p>\n","protected":false},"excerpt":{"rendered":"<p>Na manh\u00e3 deste \u00faltimo domingo (28\/04), o ex-vereador Neto Madeireira, declarou apoio ao grupo pol\u00edtico liderado pela prefeita de Mara\u00fa, Gracinha Viana.&nbsp;Segundo ele, sua decis\u00e3o tem o objetivo \u00fanico de poder trabalhar ainda mais por Mara\u00fa. Neto tamb\u00e9m falou que deu seu depoimento em Salvador, contra o grupo de oposi\u00e7\u00e3o que acusava a prefeita de compra de votos na justi\u00e7a eleitoral. Neto disse que a o grupo e oposi\u00e7\u00e3o usou de cal\u00fanias para prejudicar o bom trabalho feito no munic\u00edpio pela prefeita Gracinha. \u201cProcurei a prefeita Gracinha Viana, e declarei nosso apoio a ela, pelo bom trabalho que ela vem [&hellip;]<\/p>\n","protected":false},"author":2,"featured_media":116675,"comment_status":"closed","ping_status":"open","sticky":false,"template":"","format":"standard","meta":[],"categories":[26,29,17,18,28,11],"tags":[1042,1041],"_links":{"self":[{"href":"https:\/\/www.barragrande24horas.com.br\/v1\/wp-json\/wp\/v2\/posts\/116674"}],"collection":[{"href":"https:\/\/www.barragrande24horas.com.br\/v1\/wp-json\/wp\/v2\/posts"}],"about":[{"href":"https:\/\/www.barragrande24horas.com.br\/v1\/wp-json\/wp\/v2\/types\/post"}],"author":[{"embeddable":true,"href":"https:\/\/www.barragrande24horas.com.br\/v1\/wp-json\/wp\/v2\/users\/2"}],"replies":[{"embeddable":true,"href":"https:\/\/www.barragrande24horas.com.br\/v1\/wp-json\/wp\/v2\/comments?post=116674"}],"version-history":[{"count":1,"href":"https:\/\/www.barragrande24horas.com.br\/v1\/wp-json\/wp\/v2\/posts\/116674\/revisions"}],"predecessor-version":[{"id":116676,"href":"https:\/\/www.barragrande24horas.com.br\/v1\/wp-json\/wp\/v2\/posts\/116674\/revisions\/116676"}],"wp:featuredmedia":[{"embeddable":true,"href":"https:\/\/www.barragrande24horas.com.br\/v1\/wp-json\/wp\/v2\/media\/116675"}],"wp:attachment":[{"href":"https:\/\/www.barragrande24horas.com.br\/v1\/wp-json\/wp\/v2\/media?parent=116674"}],"wp:term":[{"taxonomy":"category","embeddable":true,"href":"https:\/\/www.barragrande24horas.com.br\/v1\/wp-json\/wp\/v2\/categories?post=116674"},{"taxonomy":"post_tag","embeddable":true,"href":"https:\/\/www.barragrande24horas.com.br\/v1\/wp-json\/wp\/v2\/tags?post=116674"}],"curies":[{"name":"wp","href":"https:\/\/api.w.org\/{rel}","templated":true}]}}