{"id":116648,"date":"2019-04-29T03:25:09","date_gmt":"2019-04-29T06:25:09","guid":{"rendered":"http:\/\/www.barragrande24horas.com.br\/v1\/?p=116648"},"modified":"2019-04-29T03:25:09","modified_gmt":"2019-04-29T06:25:09","slug":"camamu-vereador-akson-rosa-participa-da-convencao-estadual-do-democratas","status":"publish","type":"post","link":"https:\/\/www.barragrande24horas.com.br\/v1\/2019\/04\/29\/camamu-vereador-akson-rosa-participa-da-convencao-estadual-do-democratas\/","title":{"rendered":"Camamu: Vereador Akson Rosa participa da conven\u00e7\u00e3o estadual do Democratas"},"content":{"rendered":"<p><img loading=\"lazy\" class=\" wp-image-116649 aligncenter\" src=\"http:\/\/www.barragrande24horas.com.br\/v1\/wp-content\/uploads\/2019\/04\/WhatsApp-Image-2019-04-28-at-11.37.56.jpeg\" alt=\"\" width=\"576\" height=\"639\" srcset=\"https:\/\/www.barragrande24horas.com.br\/v1\/wp-content\/uploads\/2019\/04\/WhatsApp-Image-2019-04-28-at-11.37.56.jpeg 577w, https:\/\/www.barragrande24horas.com.br\/v1\/wp-content\/uploads\/2019\/04\/WhatsApp-Image-2019-04-28-at-11.37.56-270x300.jpeg 270w\" sizes=\"(max-width: 576px) 100vw, 576px\" \/><\/p>\n<p style=\"font-weight: 400;\">O vereador AKSON ROSA (PPS), participou da conven\u00e7\u00e3o Estadual dos Democratas, evento realizado na \u00faltima quinta-feira (25), no Hotel Fiesta em Salvador.&nbsp;O evento contou com a presen\u00e7a do presidente nacional do DEM, ACM NETO, O vice-prefeito de Salvador, Bruno Reis, o ex-candidato ao Governo do Estado, Jos\u00e9 Ronaldo e de outras importantes lideran\u00e7as pol\u00edticas do Estado.<\/p>\n<p style=\"font-weight: 400;\">Durante conven\u00e7\u00e3o, o deputado federal Paulo Azi (DEM), foi proclamado como novo presidente estadual da sigla, e ACM Neto, prefeito de Salvador, foi tratado e anunciado em diversos momentos como candidato do grupo ao governo da Bahia em 2022.&nbsp;<\/p>\n<p style=\"font-weight: 400;\">Em suas redes sociais o vereador Akson Rosa comentou sobre sua participa\u00e7\u00e3o no evento e agradeceu pelo convite. \u201cQuero agradecer aqui, ACM NETO, BRUNO REIS E IGOR DOMINGUEZ pelo convite\u201d, escreveu Akson em seu Instagram. <strong>(Darque Correia\/Camamu Atual)<\/strong><\/p>\n","protected":false},"excerpt":{"rendered":"<p>O vereador AKSON ROSA (PPS), participou da conven\u00e7\u00e3o Estadual dos Democratas, evento realizado na \u00faltima quinta-feira (25), no Hotel Fiesta em Salvador.&nbsp;O evento contou com a presen\u00e7a do presidente nacional do DEM, ACM NETO, O vice-prefeito de Salvador, Bruno Reis, o ex-candidato ao Governo do Estado, Jos\u00e9 Ronaldo e de outras importantes lideran\u00e7as pol\u00edticas do Estado. Durante conven\u00e7\u00e3o, o deputado federal Paulo Azi (DEM), foi proclamado como novo presidente estadual da sigla, e ACM Neto, prefeito de Salvador, foi tratado e anunciado em diversos momentos como candidato do grupo ao governo da Bahia em 2022.&nbsp; Em suas redes sociais o [&hellip;]<\/p>\n","protected":false},"author":2,"featured_media":116649,"comment_status":"closed","ping_status":"open","sticky":false,"template":"","format":"standard","meta":[],"categories":[8,29,17,11],"tags":[1030],"_links":{"self":[{"href":"https:\/\/www.barragrande24horas.com.br\/v1\/wp-json\/wp\/v2\/posts\/116648"}],"collection":[{"href":"https:\/\/www.barragrande24horas.com.br\/v1\/wp-json\/wp\/v2\/posts"}],"about":[{"href":"https:\/\/www.barragrande24horas.com.br\/v1\/wp-json\/wp\/v2\/types\/post"}],"author":[{"embeddable":true,"href":"https:\/\/www.barragrande24horas.com.br\/v1\/wp-json\/wp\/v2\/users\/2"}],"replies":[{"embeddable":true,"href":"https:\/\/www.barragrande24horas.com.br\/v1\/wp-json\/wp\/v2\/comments?post=116648"}],"version-history":[{"count":1,"href":"https:\/\/www.barragrande24horas.com.br\/v1\/wp-json\/wp\/v2\/posts\/116648\/revisions"}],"predecessor-version":[{"id":116650,"href":"https:\/\/www.barragrande24horas.com.br\/v1\/wp-json\/wp\/v2\/posts\/116648\/revisions\/116650"}],"wp:featuredmedia":[{"embeddable":true,"href":"https:\/\/www.barragrande24horas.com.br\/v1\/wp-json\/wp\/v2\/media\/116649"}],"wp:attachment":[{"href":"https:\/\/www.barragrande24horas.com.br\/v1\/wp-json\/wp\/v2\/media?parent=116648"}],"wp:term":[{"taxonomy":"category","embeddable":true,"href":"https:\/\/www.barragrande24horas.com.br\/v1\/wp-json\/wp\/v2\/categories?post=116648"},{"taxonomy":"post_tag","embeddable":true,"href":"https:\/\/www.barragrande24horas.com.br\/v1\/wp-json\/wp\/v2\/tags?post=116648"}],"curies":[{"name":"wp","href":"https:\/\/api.w.org\/{rel}","templated":true}]}}