{"id":116496,"date":"2019-04-17T00:33:50","date_gmt":"2019-04-17T03:33:50","guid":{"rendered":"http:\/\/www.barragrande24horas.com.br\/v1\/?p=116496"},"modified":"2019-04-17T00:33:50","modified_gmt":"2019-04-17T03:33:50","slug":"marau-atleta-da-team-carvalho-de-algodoes-sagra-se-campeao-brasileiro-de-jiu-jitsu","status":"publish","type":"post","link":"https:\/\/www.barragrande24horas.com.br\/v1\/2019\/04\/17\/marau-atleta-da-team-carvalho-de-algodoes-sagra-se-campeao-brasileiro-de-jiu-jitsu\/","title":{"rendered":"Mara\u00fa: Atleta da Team Carvalho de Algod\u00f5es sagra-se Campe\u00e3o Brasileiro de Jiu-Jitsu"},"content":{"rendered":"<p><img loading=\"lazy\" class=\" wp-image-116499 aligncenter\" src=\"http:\/\/www.barragrande24horas.com.br\/v1\/wp-content\/uploads\/2019\/04\/WhatsApp-Image-2019-04-17-at-00.32.09.jpeg\" alt=\"\" width=\"589\" height=\"517\" srcset=\"https:\/\/www.barragrande24horas.com.br\/v1\/wp-content\/uploads\/2019\/04\/WhatsApp-Image-2019-04-17-at-00.32.09.jpeg 816w, https:\/\/www.barragrande24horas.com.br\/v1\/wp-content\/uploads\/2019\/04\/WhatsApp-Image-2019-04-17-at-00.32.09-300x264.jpeg 300w, https:\/\/www.barragrande24horas.com.br\/v1\/wp-content\/uploads\/2019\/04\/WhatsApp-Image-2019-04-17-at-00.32.09-768x675.jpeg 768w\" sizes=\"(max-width: 589px) 100vw, 589px\" \/><\/p>\n<p>Feira de Santana foi sede, no \u00faltimo fim de semana, do Campeonato Brasileiro de Jiu-Jitsu,&nbsp;evento que aconteceu na quadra do Gin\u00e1sio Esportivo do Servi\u00e7o Social da Ind\u00fastria (SESI), no&nbsp;bairro Jardim Cruzeiro. A competi\u00e7\u00e3o reuniu v\u00e1rios atletas, al\u00e9m de desportistas de diversos&nbsp;estados brasileiros, e contou com a organiza\u00e7\u00e3o da Federa\u00e7\u00e3o Internacional de Jiu-Jitsu&nbsp;Desportivo (FIJJD).&nbsp;<\/p>\n<p>E mais uma vez, os atletas marauenses fizeram bonito no tatame. Representando o time Carvalho JJ e a Jamanta Team, o atleta Patrick Corr\u00eaa do CT Torri, em Algod\u00f5es, sagrou-se Campe\u00e3o Brasileiro de Jiu-Jitsu em sua categoria. O atleta aproveitou a oportunidade para agradecer os seus patrocinadores.<\/p>\n<blockquote><p>\n<strong><em>&nbsp;&#8220;Queria agradecer aos meus patrocinadores , Restaurante Pasta e Vino e pousada Mahat, ambam localizadas na praia de Algod\u00f5es &#8211; Mara\u00fa, por incentivarem o esporte local e aos meus professores Roozevelt ,Jamanta,Marquinhos e Thomaz. Oss! &#8220;<\/em><\/strong><\/p><\/blockquote>\n","protected":false},"excerpt":{"rendered":"<p>Feira de Santana foi sede, no \u00faltimo fim de semana, do Campeonato Brasileiro de Jiu-Jitsu,&nbsp;evento que aconteceu na quadra do Gin\u00e1sio Esportivo do Servi\u00e7o Social da Ind\u00fastria (SESI), no&nbsp;bairro Jardim Cruzeiro. A competi\u00e7\u00e3o reuniu v\u00e1rios atletas, al\u00e9m de desportistas de diversos&nbsp;estados brasileiros, e contou com a organiza\u00e7\u00e3o da Federa\u00e7\u00e3o Internacional de Jiu-Jitsu&nbsp;Desportivo (FIJJD).&nbsp; E mais uma vez, os atletas marauenses fizeram bonito no tatame. Representando o time Carvalho JJ e a Jamanta Team, o atleta Patrick Corr\u00eaa do CT Torri, em Algod\u00f5es, sagrou-se Campe\u00e3o Brasileiro de Jiu-Jitsu em sua categoria. O atleta aproveitou a oportunidade para agradecer os seus patrocinadores. [&hellip;]<\/p>\n","protected":false},"author":2,"featured_media":116499,"comment_status":"closed","ping_status":"open","sticky":false,"template":"","format":"standard","meta":[],"categories":[17,20,25],"tags":[980],"_links":{"self":[{"href":"https:\/\/www.barragrande24horas.com.br\/v1\/wp-json\/wp\/v2\/posts\/116496"}],"collection":[{"href":"https:\/\/www.barragrande24horas.com.br\/v1\/wp-json\/wp\/v2\/posts"}],"about":[{"href":"https:\/\/www.barragrande24horas.com.br\/v1\/wp-json\/wp\/v2\/types\/post"}],"author":[{"embeddable":true,"href":"https:\/\/www.barragrande24horas.com.br\/v1\/wp-json\/wp\/v2\/users\/2"}],"replies":[{"embeddable":true,"href":"https:\/\/www.barragrande24horas.com.br\/v1\/wp-json\/wp\/v2\/comments?post=116496"}],"version-history":[{"count":1,"href":"https:\/\/www.barragrande24horas.com.br\/v1\/wp-json\/wp\/v2\/posts\/116496\/revisions"}],"predecessor-version":[{"id":116500,"href":"https:\/\/www.barragrande24horas.com.br\/v1\/wp-json\/wp\/v2\/posts\/116496\/revisions\/116500"}],"wp:featuredmedia":[{"embeddable":true,"href":"https:\/\/www.barragrande24horas.com.br\/v1\/wp-json\/wp\/v2\/media\/116499"}],"wp:attachment":[{"href":"https:\/\/www.barragrande24horas.com.br\/v1\/wp-json\/wp\/v2\/media?parent=116496"}],"wp:term":[{"taxonomy":"category","embeddable":true,"href":"https:\/\/www.barragrande24horas.com.br\/v1\/wp-json\/wp\/v2\/categories?post=116496"},{"taxonomy":"post_tag","embeddable":true,"href":"https:\/\/www.barragrande24horas.com.br\/v1\/wp-json\/wp\/v2\/tags?post=116496"}],"curies":[{"name":"wp","href":"https:\/\/api.w.org\/{rel}","templated":true}]}}