{"id":116291,"date":"2019-04-02T23:44:42","date_gmt":"2019-04-03T02:44:42","guid":{"rendered":"http:\/\/www.barragrande24horas.com.br\/v1\/?p=116291"},"modified":"2019-04-03T06:43:41","modified_gmt":"2019-04-03T09:43:41","slug":"marau-valdenice-conceicao-conquista-vaga-para-mundial-na-europa-e-mira-olimpiadas","status":"publish","type":"post","link":"https:\/\/www.barragrande24horas.com.br\/v1\/2019\/04\/02\/marau-valdenice-conceicao-conquista-vaga-para-mundial-na-europa-e-mira-olimpiadas\/","title":{"rendered":"Mara\u00fa: Valdenice Concei\u00e7\u00e3o conquista vaga para Mundial na Europa e mira olimp\u00edadas\u00a0"},"content":{"rendered":"<p><img loading=\"lazy\" class=\"wp-image-116292 aligncenter\" src=\"http:\/\/www.barragrande24horas.com.br\/v1\/wp-content\/uploads\/2019\/04\/WhatsApp-Image-2019-04-02-at-23.40.51.jpeg\" alt=\"\" width=\"583\" height=\"583\" srcset=\"https:\/\/www.barragrande24horas.com.br\/v1\/wp-content\/uploads\/2019\/04\/WhatsApp-Image-2019-04-02-at-23.40.51.jpeg 1152w, https:\/\/www.barragrande24horas.com.br\/v1\/wp-content\/uploads\/2019\/04\/WhatsApp-Image-2019-04-02-at-23.40.51-150x150.jpeg 150w, https:\/\/www.barragrande24horas.com.br\/v1\/wp-content\/uploads\/2019\/04\/WhatsApp-Image-2019-04-02-at-23.40.51-300x300.jpeg 300w, https:\/\/www.barragrande24horas.com.br\/v1\/wp-content\/uploads\/2019\/04\/WhatsApp-Image-2019-04-02-at-23.40.51-768x768.jpeg 768w, https:\/\/www.barragrande24horas.com.br\/v1\/wp-content\/uploads\/2019\/04\/WhatsApp-Image-2019-04-02-at-23.40.51-1024x1024.jpeg 1024w\" sizes=\"(max-width: 583px) 100vw, 583px\" \/><\/p>\n<p>Treinando nas \u00e1guas de Mara\u00fa, a cano\u00edsta, Valdenice Concei\u00e7\u00e3o, uma dos destaques da modalidade na Bahia, participou da&nbsp;Copa Brasil de Canoagem Velocidade e Paracanoagem e Controle, realizada entre os dias 29 e 31 de mar\u00e7o, na Raia Ol\u00edmpica da Universidade de S\u00e3o Paulo (USP) e conquistou&nbsp;o ouro na categoria C1 200 (Feminino).<\/p>\n<p>Valdenice \u00e9 uma das grandes aposta brasileira para disputar os Jogos Ol\u00edmpicos de 2020 no Jap\u00e3o. Classificada para o mundial da Hungria, a cano\u00edsta j\u00e1 sonha em participar das olimp\u00edadas de T\u00f3quio 2020. Ela \u00e9 natural de Itacar\u00e9, mas representar\u00e1 Mara\u00fa nas competi\u00e7\u00f5es.<\/p>\n<div class=\"mnmd-responsive-video\"><iframe loading=\"lazy\" title=\"Valdenice Concei\u00e7\u00e3o \u00e9 ouro na Copa Brasil de Canoagem\" width=\"1200\" height=\"675\" src=\"https:\/\/www.youtube.com\/embed\/rylYcZ27L2Q?feature=oembed\" frameborder=\"0\" allow=\"accelerometer; autoplay; clipboard-write; encrypted-media; gyroscope; picture-in-picture\" allowfullscreen><\/iframe><\/div>\n<p>Valdenice est\u00e1 numa rotina dos treinamentos nas \u00e1guas de Mara\u00fa, com t\u00e9cnico Figueroa Concei\u00e7\u00e3o, que descobriu o medalhista ol\u00edmpico Izaquias Queiroz. Figo como \u00e9 mais conhecido, d\u00e1 aulas no projeto de canoagem que atende jovens de 7 a 17 anos que foi implantado pela Prefeitura de Mara\u00fa, visando formar novos campe\u00f5es do esporte de n\u00edvel nacional e internacional.<\/p>\n<p>Em mar\u00e7o deste ano, uma equipe do programa Esporte Espetacular, veiculado aos domingos de manh\u00e3 na TV Globo, esteve em Mara\u00fa, para gravar uma reportagem sobre a cano\u00edsta que foi mostrado em rede nacional.&nbsp;<\/p>\n<p>&nbsp;<\/p>\n","protected":false},"excerpt":{"rendered":"<p>Treinando nas \u00e1guas de Mara\u00fa, a cano\u00edsta, Valdenice Concei\u00e7\u00e3o, uma dos destaques da modalidade na Bahia, participou da&nbsp;Copa Brasil de Canoagem Velocidade e Paracanoagem e Controle, realizada entre os dias 29 e 31 de mar\u00e7o, na Raia Ol\u00edmpica da Universidade de S\u00e3o Paulo (USP) e conquistou&nbsp;o ouro na categoria C1 200 (Feminino). Valdenice \u00e9 uma das grandes aposta brasileira para disputar os Jogos Ol\u00edmpicos de 2020 no Jap\u00e3o. Classificada para o mundial da Hungria, a cano\u00edsta j\u00e1 sonha em participar das olimp\u00edadas de T\u00f3quio 2020. Ela \u00e9 natural de Itacar\u00e9, mas representar\u00e1 Mara\u00fa nas competi\u00e7\u00f5es. Valdenice est\u00e1 numa rotina dos [&hellip;]<\/p>\n","protected":false},"author":2,"featured_media":116292,"comment_status":"closed","ping_status":"open","sticky":false,"template":"","format":"standard","meta":[],"categories":[8,26,29,17,20,25,27,28],"tags":[923,924],"_links":{"self":[{"href":"https:\/\/www.barragrande24horas.com.br\/v1\/wp-json\/wp\/v2\/posts\/116291"}],"collection":[{"href":"https:\/\/www.barragrande24horas.com.br\/v1\/wp-json\/wp\/v2\/posts"}],"about":[{"href":"https:\/\/www.barragrande24horas.com.br\/v1\/wp-json\/wp\/v2\/types\/post"}],"author":[{"embeddable":true,"href":"https:\/\/www.barragrande24horas.com.br\/v1\/wp-json\/wp\/v2\/users\/2"}],"replies":[{"embeddable":true,"href":"https:\/\/www.barragrande24horas.com.br\/v1\/wp-json\/wp\/v2\/comments?post=116291"}],"version-history":[{"count":2,"href":"https:\/\/www.barragrande24horas.com.br\/v1\/wp-json\/wp\/v2\/posts\/116291\/revisions"}],"predecessor-version":[{"id":116294,"href":"https:\/\/www.barragrande24horas.com.br\/v1\/wp-json\/wp\/v2\/posts\/116291\/revisions\/116294"}],"wp:featuredmedia":[{"embeddable":true,"href":"https:\/\/www.barragrande24horas.com.br\/v1\/wp-json\/wp\/v2\/media\/116292"}],"wp:attachment":[{"href":"https:\/\/www.barragrande24horas.com.br\/v1\/wp-json\/wp\/v2\/media?parent=116291"}],"wp:term":[{"taxonomy":"category","embeddable":true,"href":"https:\/\/www.barragrande24horas.com.br\/v1\/wp-json\/wp\/v2\/categories?post=116291"},{"taxonomy":"post_tag","embeddable":true,"href":"https:\/\/www.barragrande24horas.com.br\/v1\/wp-json\/wp\/v2\/tags?post=116291"}],"curies":[{"name":"wp","href":"https:\/\/api.w.org\/{rel}","templated":true}]}}