{"id":113870,"date":"2018-09-04T18:27:29","date_gmt":"2018-09-04T21:27:29","guid":{"rendered":"http:\/\/www.barragrande24horas.com.br\/v1\/?p=113870"},"modified":"2018-09-04T18:38:19","modified_gmt":"2018-09-04T21:38:19","slug":"marau-leo-santana-e-jau-vao-agitar-o-feriadao-da-independencia-em-barra-grande","status":"publish","type":"post","link":"https:\/\/www.barragrande24horas.com.br\/v1\/2018\/09\/04\/marau-leo-santana-e-jau-vao-agitar-o-feriadao-da-independencia-em-barra-grande\/","title":{"rendered":"Mara\u00fa: L\u00e9o Santana e Jau v\u00e3o agitar o feriad\u00e3o da Independ\u00eancia em Barra Grande"},"content":{"rendered":"<div class=\"agenda-detalhes\">\n<p><img loading=\"lazy\" class=\"size-full wp-image-113477 aligncenter\" src=\"http:\/\/www.barragrande24horas.com.br\/v1\/wp-content\/uploads\/2018\/07\/37874410_1613660848742468_845173620241072128_n-e1536096324428.jpg\" alt=\"\" width=\"600\" height=\"600\" \/><\/p>\n<p>O feriad\u00e3o de setembro est\u00e1 chegando e vai contar com muito agito em Barra Grande, na Pen\u00ednsula de Mara\u00fa. O local vai receber a festa \u201cBarra Spirit Weekend\u201d, com shows de L\u00e9o Santana e Jetlag, na sexta (7), e Baiana System e Jau, s\u00e1bado (8).<\/p>\n<div id=\"attachment_113874\" style=\"width: 590px\" class=\"wp-caption aligncenter\"><img aria-describedby=\"caption-attachment-113874\" loading=\"lazy\" class=\"wp-image-113874\" src=\"http:\/\/www.barragrande24horas.com.br\/v1\/wp-content\/uploads\/2018\/09\/PicsArt_09-04-02.44.491-1024x768.jpg\" alt=\"\" width=\"580\" height=\"435\" srcset=\"https:\/\/www.barragrande24horas.com.br\/v1\/wp-content\/uploads\/2018\/09\/PicsArt_09-04-02.44.491-1024x768.jpg 1024w, https:\/\/www.barragrande24horas.com.br\/v1\/wp-content\/uploads\/2018\/09\/PicsArt_09-04-02.44.491-300x225.jpg 300w, https:\/\/www.barragrande24horas.com.br\/v1\/wp-content\/uploads\/2018\/09\/PicsArt_09-04-02.44.491-768x576.jpg 768w\" sizes=\"(max-width: 580px) 100vw, 580px\" \/><p id=\"caption-attachment-113874\" class=\"wp-caption-text\">Barra Grande, na Pen\u00ednsula de Mara\u00fa | Foto: Darlim Santos<\/p><\/div>\n<p><strong>TURISMO<\/strong><\/p>\n<p>A taxa de ocupa\u00e7\u00e3o da rede hoteleira deve chegar a 95% em Barra Grande, o distrito concentra o maior n\u00famero de leitos na regi\u00e3o e que at\u00e9 o dia 8 de setembro sedia a Festa. A secretaria municipal de Turismo e Lazer de Mara\u00fa, acredita que at\u00e9 a festa todas as vagas estejam reservadas. No feriad\u00e3o da independ\u00eancia, a pen\u00ednsula tem boa procura.<\/p>\n<div id=\"attachment_113875\" style=\"width: 610px\" class=\"wp-caption aligncenter\"><img aria-describedby=\"caption-attachment-113875\" loading=\"lazy\" class=\"wp-image-113875\" src=\"http:\/\/www.barragrande24horas.com.br\/v1\/wp-content\/uploads\/2018\/09\/PicsArt_07-27-05.30.111-1024x708.jpg\" alt=\"\" width=\"600\" height=\"415\" srcset=\"https:\/\/www.barragrande24horas.com.br\/v1\/wp-content\/uploads\/2018\/09\/PicsArt_07-27-05.30.111-1024x708.jpg 1024w, https:\/\/www.barragrande24horas.com.br\/v1\/wp-content\/uploads\/2018\/09\/PicsArt_07-27-05.30.111-300x207.jpg 300w, https:\/\/www.barragrande24horas.com.br\/v1\/wp-content\/uploads\/2018\/09\/PicsArt_07-27-05.30.111-768x531.jpg 768w\" sizes=\"(max-width: 600px) 100vw, 600px\" \/><p id=\"caption-attachment-113875\" class=\"wp-caption-text\">Vista de Barra Grande, distrito de Mara\u00fa | Foto: Darlim Santos<\/p><\/div>\n<p><strong>SERVI\u00c7O:<\/strong><\/p>\n<div class=\"\" data-block=\"true\" data-editor=\"avqdt\" data-offset-key=\"abk16-0-0\">\n<div class=\"_1mf _1mj\" data-offset-key=\"abk16-0-0\"><span data-offset-key=\"abk16-0-0\">Evento: Barra Spirit Weekend<\/span><\/div>\n<\/div>\n<div class=\"\" data-block=\"true\" data-editor=\"avqdt\" data-offset-key=\"e2cvn-0-0\">\n<div class=\"_1mf _1mj\" data-offset-key=\"e2cvn-0-0\"><span data-offset-key=\"e2cvn-0-0\">Local: Barra Grande (Pen\u00ednsula de Mara\u00fa \u2013 S\u00edtio Carapitangui)<\/span><\/div>\n<\/div>\n<div class=\"\" data-block=\"true\" data-editor=\"avqdt\" data-offset-key=\"9leoh-0-0\">\n<div class=\"_1mf _1mj\" data-offset-key=\"9leoh-0-0\"><span data-offset-key=\"9leoh-0-0\">Data: 7 e 8 de Setembro<\/span><\/div>\n<\/div>\n<div class=\"\" data-block=\"true\" data-editor=\"avqdt\" data-offset-key=\"c1m8n-0-0\">\n<div class=\"_1mf _1mj\" data-offset-key=\"c1m8n-0-0\"><span data-offset-key=\"c1m8n-0-0\">Atra\u00e7\u00f5es: 7 de Setembro (L\u00e9o Santana e Jetlag)<\/span><\/div>\n<\/div>\n<div class=\"\" data-block=\"true\" data-editor=\"avqdt\" data-offset-key=\"5ctt3-0-0\">\n<div class=\"_1mf _1mj\" data-offset-key=\"5ctt3-0-0\"><span data-offset-key=\"5ctt3-0-0\">8 de Setembro (Baiana System e Jau<\/span><\/div>\n<\/div>\n<div class=\"\" data-block=\"true\" data-editor=\"avqdt\" data-offset-key=\"4ef9o-0-0\">\n<div class=\"_1mf _1mj\" data-offset-key=\"4ef9o-0-0\"><span data-offset-key=\"4ef9o-0-0\">Hor\u00e1rio: A partir das 22h\u00a0<\/span><\/div>\n<\/div>\n<div class=\"\" data-block=\"true\" data-editor=\"avqdt\" data-offset-key=\"dmva4-0-0\">\n<div class=\"_1mf _1mj\" data-offset-key=\"dmva4-0-0\"><span data-offset-key=\"dmva4-0-0\">Ingressos: R$ 180,00<\/span><\/div>\n<\/div>\n<div class=\"\" data-block=\"true\" data-editor=\"avqdt\" data-offset-key=\"81jet-0-0\">\n<div class=\"_1mf _1mj\" data-offset-key=\"81jet-0-0\"><span data-offset-key=\"81jet-0-0\">\u00a0<\/span><\/div>\n<\/div>\n<div class=\"\" data-block=\"true\" data-editor=\"avqdt\" data-offset-key=\"aqot6-0-0\">\n<div class=\"_1mf _1mj\" data-offset-key=\"aqot6-0-0\"><span data-offset-key=\"aqot6-0-0\"><strong>Vendas:<\/strong>\u00a0Salvador Tickets 2o piso do Shopping da Bahia e nos Balc\u00f5es de Ingressos<\/span><\/div>\n<\/div>\n<div class=\"\" data-block=\"true\" data-editor=\"avqdt\" data-offset-key=\"209uv-0-0\">\n<div class=\"_1mf _1mj\" data-offset-key=\"209uv-0-0\"><span data-offset-key=\"209uv-0-0\">Ou no site\u00a0<a href=\"https:\/\/ingressos.salvadorproducoes.com.br\/\">https:\/\/ingressos.salvadorproducoes.com.br\/\u00a0<\/a><\/span><\/div>\n<\/div>\n<div data-offset-key=\"209uv-0-0\">Em Barra Grande, o ponto de venda \u00e9 no Villa Caf\u00e9.<\/div>\n<div class=\"\" data-block=\"true\" data-editor=\"avqdt\" data-offset-key=\"1qip7-0-0\">\n<div class=\"_1mf _1mj\" data-offset-key=\"1qip7-0-0\"><span data-offset-key=\"1qip7-0-0\">\u00a0<\/span><\/div>\n<\/div>\n<div class=\"\" data-block=\"true\" data-editor=\"avqdt\" data-offset-key=\"6mc89-0-0\">\n<div class=\"_1mf _1mj\" data-offset-key=\"6mc89-0-0\"><span data-offset-key=\"6mc89-0-0\"><strong>Informa\u00e7\u00f5es:<\/strong>\u00a071 3367.9084\u00a0<\/span><\/div>\n<div data-offset-key=\"6mc89-0-0\"><\/div>\n<\/div>\n<div data-offset-key=\"6mc89-0-0\">(Por: Darlim | Barra Grande 24 Horas)<\/div>\n<\/div>\n","protected":false},"excerpt":{"rendered":"<p>O feriad\u00e3o de setembro est\u00e1 chegando e vai contar com muito agito em Barra Grande, na Pen\u00ednsula de Mara\u00fa. O local vai receber a festa \u201cBarra Spirit Weekend\u201d, com shows de L\u00e9o Santana e Jetlag, na sexta (7), e Baiana System e Jau, s\u00e1bado (8). TURISMO A taxa de ocupa\u00e7\u00e3o da rede hoteleira deve chegar a 95% em Barra Grande, o distrito concentra o maior n\u00famero de leitos na regi\u00e3o e que at\u00e9 o dia 8 de setembro sedia a Festa. A secretaria municipal de Turismo e Lazer de Mara\u00fa, acredita que at\u00e9 a festa todas as vagas estejam reservadas. [&hellip;]<\/p>\n","protected":false},"author":2,"featured_media":113477,"comment_status":"closed","ping_status":"open","sticky":false,"template":"","format":"standard","meta":[],"categories":[26,17,20,23,28,22],"tags":[45,84,343,85,46,344,92],"_links":{"self":[{"href":"https:\/\/www.barragrande24horas.com.br\/v1\/wp-json\/wp\/v2\/posts\/113870"}],"collection":[{"href":"https:\/\/www.barragrande24horas.com.br\/v1\/wp-json\/wp\/v2\/posts"}],"about":[{"href":"https:\/\/www.barragrande24horas.com.br\/v1\/wp-json\/wp\/v2\/types\/post"}],"author":[{"embeddable":true,"href":"https:\/\/www.barragrande24horas.com.br\/v1\/wp-json\/wp\/v2\/users\/2"}],"replies":[{"embeddable":true,"href":"https:\/\/www.barragrande24horas.com.br\/v1\/wp-json\/wp\/v2\/comments?post=113870"}],"version-history":[{"count":4,"href":"https:\/\/www.barragrande24horas.com.br\/v1\/wp-json\/wp\/v2\/posts\/113870\/revisions"}],"predecessor-version":[{"id":113876,"href":"https:\/\/www.barragrande24horas.com.br\/v1\/wp-json\/wp\/v2\/posts\/113870\/revisions\/113876"}],"wp:featuredmedia":[{"embeddable":true,"href":"https:\/\/www.barragrande24horas.com.br\/v1\/wp-json\/wp\/v2\/media\/113477"}],"wp:attachment":[{"href":"https:\/\/www.barragrande24horas.com.br\/v1\/wp-json\/wp\/v2\/media?parent=113870"}],"wp:term":[{"taxonomy":"category","embeddable":true,"href":"https:\/\/www.barragrande24horas.com.br\/v1\/wp-json\/wp\/v2\/categories?post=113870"},{"taxonomy":"post_tag","embeddable":true,"href":"https:\/\/www.barragrande24horas.com.br\/v1\/wp-json\/wp\/v2\/tags?post=113870"}],"curies":[{"name":"wp","href":"https:\/\/api.w.org\/{rel}","templated":true}]}}