{"id":113622,"date":"2018-08-07T17:04:15","date_gmt":"2018-08-07T20:04:15","guid":{"rendered":"http:\/\/www.barragrande24horas.com.br\/v1\/?p=113622"},"modified":"2018-08-07T18:01:07","modified_gmt":"2018-08-07T21:01:07","slug":"conselho-municipal-dos-direitos-da-crianca-e-do-adolescente","status":"publish","type":"post","link":"https:\/\/www.barragrande24horas.com.br\/v1\/2018\/08\/07\/conselho-municipal-dos-direitos-da-crianca-e-do-adolescente\/","title":{"rendered":"Conselho Municipal dos Direitos da Crian\u00e7a e do Adolescente de Mara\u00fa convida popula\u00e7\u00e3o de Barra Grande pr\u00e9-confer\u00eancia municipal nesta quarta"},"content":{"rendered":"<p><img loading=\"lazy\" class=\"aligncenter wp-image-113623\" src=\"http:\/\/www.barragrande24horas.com.br\/v1\/wp-content\/uploads\/2018\/08\/WhatsApp-Image-2018-08-07-at-17.02.58-1024x901.jpeg\" alt=\"\" width=\"570\" height=\"501\" srcset=\"https:\/\/www.barragrande24horas.com.br\/v1\/wp-content\/uploads\/2018\/08\/WhatsApp-Image-2018-08-07-at-17.02.58-1024x901.jpeg 1024w, https:\/\/www.barragrande24horas.com.br\/v1\/wp-content\/uploads\/2018\/08\/WhatsApp-Image-2018-08-07-at-17.02.58-300x264.jpeg 300w, https:\/\/www.barragrande24horas.com.br\/v1\/wp-content\/uploads\/2018\/08\/WhatsApp-Image-2018-08-07-at-17.02.58-768x676.jpeg 768w, https:\/\/www.barragrande24horas.com.br\/v1\/wp-content\/uploads\/2018\/08\/WhatsApp-Image-2018-08-07-at-17.02.58.jpeg 1080w\" sizes=\"(max-width: 570px) 100vw, 570px\" \/><\/p>\n<p>Conselho Municipal dos Direitos da Crian\u00e7a e do Adolescente de Mara\u00fa, convida a toda a comunidade marauense \u00e0 participar no dia 08 as 14hs na escola Jardim do Cajueiro, em Barra grande, da pr\u00e9-confer\u00eancia municipal &#8220;Direitos da Crian\u00e7a e do adolescente. Tema: espa\u00e7o de gest\u00e3o e controle Social das pol\u00edticas p\u00fablicas de promo\u00e7\u00e3o, prote\u00e7\u00e3o e defesa dos direitos da crian\u00e7a e do adolescente. Participar de eventos como este \u00e9 de fundamental import\u00e2ncia para a transforma\u00e7\u00e3o social positiva e acessar direitos socioassistenciais.<\/p>\n<p><strong>ASCOM &#8211; Prefeitura de Mara\u00fa<\/strong><\/p>\n","protected":false},"excerpt":{"rendered":"<p>Conselho Municipal dos Direitos da Crian\u00e7a e do Adolescente de Mara\u00fa, convida a toda a comunidade marauense \u00e0 participar no dia 08 as 14hs na escola Jardim do Cajueiro, em Barra grande, da pr\u00e9-confer\u00eancia municipal &#8220;Direitos da Crian\u00e7a e do adolescente. Tema: espa\u00e7o de gest\u00e3o e controle Social das pol\u00edticas p\u00fablicas de promo\u00e7\u00e3o, prote\u00e7\u00e3o e defesa dos direitos da crian\u00e7a e do adolescente. Participar de eventos como este \u00e9 de fundamental import\u00e2ncia para a transforma\u00e7\u00e3o social positiva e acessar direitos socioassistenciais. ASCOM &#8211; Prefeitura de Mara\u00fa<\/p>\n","protected":false},"author":2,"featured_media":113623,"comment_status":"closed","ping_status":"open","sticky":false,"template":"","format":"standard","meta":[],"categories":[26,17,21],"tags":[261],"_links":{"self":[{"href":"https:\/\/www.barragrande24horas.com.br\/v1\/wp-json\/wp\/v2\/posts\/113622"}],"collection":[{"href":"https:\/\/www.barragrande24horas.com.br\/v1\/wp-json\/wp\/v2\/posts"}],"about":[{"href":"https:\/\/www.barragrande24horas.com.br\/v1\/wp-json\/wp\/v2\/types\/post"}],"author":[{"embeddable":true,"href":"https:\/\/www.barragrande24horas.com.br\/v1\/wp-json\/wp\/v2\/users\/2"}],"replies":[{"embeddable":true,"href":"https:\/\/www.barragrande24horas.com.br\/v1\/wp-json\/wp\/v2\/comments?post=113622"}],"version-history":[{"count":4,"href":"https:\/\/www.barragrande24horas.com.br\/v1\/wp-json\/wp\/v2\/posts\/113622\/revisions"}],"predecessor-version":[{"id":113627,"href":"https:\/\/www.barragrande24horas.com.br\/v1\/wp-json\/wp\/v2\/posts\/113622\/revisions\/113627"}],"wp:featuredmedia":[{"embeddable":true,"href":"https:\/\/www.barragrande24horas.com.br\/v1\/wp-json\/wp\/v2\/media\/113623"}],"wp:attachment":[{"href":"https:\/\/www.barragrande24horas.com.br\/v1\/wp-json\/wp\/v2\/media?parent=113622"}],"wp:term":[{"taxonomy":"category","embeddable":true,"href":"https:\/\/www.barragrande24horas.com.br\/v1\/wp-json\/wp\/v2\/categories?post=113622"},{"taxonomy":"post_tag","embeddable":true,"href":"https:\/\/www.barragrande24horas.com.br\/v1\/wp-json\/wp\/v2\/tags?post=113622"}],"curies":[{"name":"wp","href":"https:\/\/api.w.org\/{rel}","templated":true}]}}