{"id":113574,"date":"2018-08-03T17:32:13","date_gmt":"2018-08-03T20:32:13","guid":{"rendered":"http:\/\/www.barragrande24horas.com.br\/v1\/?p=113574"},"modified":"2018-08-03T17:32:13","modified_gmt":"2018-08-03T20:32:13","slug":"policia-militar-veta-show-de-igor-kannario-em-ilheus","status":"publish","type":"post","link":"https:\/\/www.barragrande24horas.com.br\/v1\/2018\/08\/03\/policia-militar-veta-show-de-igor-kannario-em-ilheus\/","title":{"rendered":"Pol\u00edcia Militar veta show de Igor Kann\u00e1rio em Ilh\u00e9us"},"content":{"rendered":"<p>&nbsp;<\/p>\n<p><img loading=\"lazy\" class=\"aligncenter wp-image-113575\" src=\"http:\/\/www.barragrande24horas.com.br\/v1\/wp-content\/uploads\/2018\/08\/IMAGEM_NOTICIA_3.jpg\" alt=\"\" width=\"500\" height=\"235\" srcset=\"https:\/\/www.barragrande24horas.com.br\/v1\/wp-content\/uploads\/2018\/08\/IMAGEM_NOTICIA_3.jpg 926w, https:\/\/www.barragrande24horas.com.br\/v1\/wp-content\/uploads\/2018\/08\/IMAGEM_NOTICIA_3-300x141.jpg 300w, https:\/\/www.barragrande24horas.com.br\/v1\/wp-content\/uploads\/2018\/08\/IMAGEM_NOTICIA_3-768x361.jpg 768w\" sizes=\"(max-width: 500px) 100vw, 500px\" \/><\/p>\n<p>Por:<a href=\"http:\/\/www.agravo.blog.br\/2018\/08\/03\/policia-militar-veta-show-de-igor-kannario-em-ilheus\/\"> Blog Agravo\u00a0<\/a><\/p>\n<p>O show do cantor e vereador de Salvador, Igor Kann\u00e1rio, que seria realizado dia 8 de setembro na Av. Soares Lopes, foi vetado pela 68\u00aa Companhia de Pol\u00edcia\/ Ilh\u00e9us. Segundo o Major Robson Farias, comandante da 68\u00aa CIPM, a Pol\u00edcia Militar n\u00e3o tem condi\u00e7\u00f5es fornecer a seguran\u00e7a na data divulgada pela produ\u00e7\u00e3o do evento.<\/p>\n<p>Na mesma data, outro grande evento vai acontecer no mesmo local, o show do cantor Pablo, que ser\u00e1 realizado no Centro de Conven\u00e7\u00f5es de Ilh\u00e9us. A Prefeitura de Ilh\u00e9us, por interm\u00e9dio da Secretaria de Meio Ambiente tamb\u00e9m negou provimento ao pedido para realiza\u00e7\u00e3o da festa de Kann\u00e1rio.<\/p>\n<p>O produtor do evento com Kann\u00e1rio\u00a0 afirmou ao Blog Agravo que\u00a0 j\u00e1 desmarcou a festa\u00a0 e uma nova data ser\u00e1 decidida. O Blog Agravo entrou em contato com os assessores do vereador, que n\u00e3o souberam explicar se a festa em Ilh\u00e9us estava agendada. A assessoria informou que retornaria a liga\u00e7\u00e3o e at\u00e9 o fechamento desta publica\u00e7\u00e3o n\u00e3o houve retorno.<\/p>\n<div>\n<div id=\"___plusone_3\"><\/div>\n<\/div>\n","protected":false},"excerpt":{"rendered":"<p>&nbsp; Por: Blog Agravo\u00a0 O show do cantor e vereador de Salvador, Igor Kann\u00e1rio, que seria realizado dia 8 de setembro na Av. Soares Lopes, foi vetado pela 68\u00aa Companhia de Pol\u00edcia\/ Ilh\u00e9us. Segundo o Major Robson Farias, comandante da 68\u00aa CIPM, a Pol\u00edcia Militar n\u00e3o tem condi\u00e7\u00f5es fornecer a seguran\u00e7a na data divulgada pela produ\u00e7\u00e3o do evento. Na mesma data, outro grande evento vai acontecer no mesmo local, o show do cantor Pablo, que ser\u00e1 realizado no Centro de Conven\u00e7\u00f5es de Ilh\u00e9us. A Prefeitura de Ilh\u00e9us, por interm\u00e9dio da Secretaria de Meio Ambiente tamb\u00e9m negou provimento ao pedido para [&hellip;]<\/p>\n","protected":false},"author":2,"featured_media":113575,"comment_status":"closed","ping_status":"open","sticky":false,"template":"","format":"standard","meta":[],"categories":[17,21],"tags":[249,250,166],"_links":{"self":[{"href":"https:\/\/www.barragrande24horas.com.br\/v1\/wp-json\/wp\/v2\/posts\/113574"}],"collection":[{"href":"https:\/\/www.barragrande24horas.com.br\/v1\/wp-json\/wp\/v2\/posts"}],"about":[{"href":"https:\/\/www.barragrande24horas.com.br\/v1\/wp-json\/wp\/v2\/types\/post"}],"author":[{"embeddable":true,"href":"https:\/\/www.barragrande24horas.com.br\/v1\/wp-json\/wp\/v2\/users\/2"}],"replies":[{"embeddable":true,"href":"https:\/\/www.barragrande24horas.com.br\/v1\/wp-json\/wp\/v2\/comments?post=113574"}],"version-history":[{"count":1,"href":"https:\/\/www.barragrande24horas.com.br\/v1\/wp-json\/wp\/v2\/posts\/113574\/revisions"}],"predecessor-version":[{"id":113576,"href":"https:\/\/www.barragrande24horas.com.br\/v1\/wp-json\/wp\/v2\/posts\/113574\/revisions\/113576"}],"wp:featuredmedia":[{"embeddable":true,"href":"https:\/\/www.barragrande24horas.com.br\/v1\/wp-json\/wp\/v2\/media\/113575"}],"wp:attachment":[{"href":"https:\/\/www.barragrande24horas.com.br\/v1\/wp-json\/wp\/v2\/media?parent=113574"}],"wp:term":[{"taxonomy":"category","embeddable":true,"href":"https:\/\/www.barragrande24horas.com.br\/v1\/wp-json\/wp\/v2\/categories?post=113574"},{"taxonomy":"post_tag","embeddable":true,"href":"https:\/\/www.barragrande24horas.com.br\/v1\/wp-json\/wp\/v2\/tags?post=113574"}],"curies":[{"name":"wp","href":"https:\/\/api.w.org\/{rel}","templated":true}]}}