{"id":113479,"date":"2018-07-27T02:07:33","date_gmt":"2018-07-27T05:07:33","guid":{"rendered":"http:\/\/www.barragrande24horas.com.br\/v1\/?p=113479"},"modified":"2018-07-27T02:07:33","modified_gmt":"2018-07-27T05:07:33","slug":"ibirapitanga-liderancas-anunciam-apoio-a-reeleicao-do-deputado-federal-ronaldo-carletto","status":"publish","type":"post","link":"https:\/\/www.barragrande24horas.com.br\/v1\/2018\/07\/27\/ibirapitanga-liderancas-anunciam-apoio-a-reeleicao-do-deputado-federal-ronaldo-carletto\/","title":{"rendered":"Ibirapitanga: Lideran\u00e7as anunciam apoio \u00e0 reelei\u00e7\u00e3o do Deputado Federal Ronaldo Carletto"},"content":{"rendered":"<div class=\"post-header-line-1\">\n<div id=\"attachment_113480\" style=\"width: 470px\" class=\"wp-caption aligncenter\"><img aria-describedby=\"caption-attachment-113480\" loading=\"lazy\" class=\"size-full wp-image-113480\" src=\"http:\/\/www.barragrande24horas.com.br\/v1\/wp-content\/uploads\/2018\/07\/aaa-1-e1532640224347.jpg\" alt=\"\" width=\"460\" height=\"334\" srcset=\"https:\/\/www.barragrande24horas.com.br\/v1\/wp-content\/uploads\/2018\/07\/aaa-1-e1532640224347.jpg 460w, https:\/\/www.barragrande24horas.com.br\/v1\/wp-content\/uploads\/2018\/07\/aaa-1-e1532640224347-300x218.jpg 300w\" sizes=\"(max-width: 460px) 100vw, 460px\" \/><p id=\"caption-attachment-113480\" class=\"wp-caption-text\">Vereadores e ex-vice anunciam apoio a Carletto (Foto: Divulga\u00e7\u00e3o)<\/p><\/div>\n<p>Por: <a href=\"http:\/\/www.giroemipiau1.com.br\/\">Giro em Ipia\u00fa<\/a><\/p>\n<\/div>\n<div class=\"postdate\">\n<div class=\"post-body entry-content\">\n<div id=\"summary3420669123370862539\">\n<div>Os vereadores Ivan Gomes (DEM), Guilardo Pinheiro (PP) e Givanildo Alves (DEM) al\u00e9m do ex-vice-prefeito de Ibirapitanga, J\u00e9 Assun\u00e7\u00e3o (PP), anunciaram apoio \u00e0 candidatura \u00e0 reelei\u00e7\u00e3o do deputado federal Ronaldo Carletto (PP). Segundo as lideran\u00e7as, Carletto implementou investimentos importantes nos \u00faltimos anos no munic\u00edpio, a exemplo do Col\u00e9gio Estadual, Mercado da Feira e Casas Populares no distrito de Itamarati al\u00e9m de investimentos em esgotamento sanit\u00e1rio no distrito de Ibirapitanga. \u201cCarletto tem sido sens\u00edvel \u00e0s demandas de Ibirapitanga e por isso mesmo ter\u00e1 o nosso apoio e tamb\u00e9m de nossa popula\u00e7\u00e3o\u201d, destacou J\u00e9, emendando que Carletto deve visitar o munic\u00edpio nos pr\u00f3ximos meses. *Do Ubat\u00e3 Not\u00edcias<\/div>\n<\/div>\n<div><\/div>\n<\/div>\n<div class=\"post-footer\">\n<div class=\"post-footer-line post-footer-line-\"><\/div>\n<div class=\"post-footer-line post-footer-line-2\">\n<div class=\"horizontal-social-buttons\"><\/div>\n<\/div>\n<\/div>\n<\/div>\n","protected":false},"excerpt":{"rendered":"<p>Por: Giro em Ipia\u00fa Os vereadores Ivan Gomes (DEM), Guilardo Pinheiro (PP) e Givanildo Alves (DEM) al\u00e9m do ex-vice-prefeito de Ibirapitanga, J\u00e9 Assun\u00e7\u00e3o (PP), anunciaram apoio \u00e0 candidatura \u00e0 reelei\u00e7\u00e3o do deputado federal Ronaldo Carletto (PP). Segundo as lideran\u00e7as, Carletto implementou investimentos importantes nos \u00faltimos anos no munic\u00edpio, a exemplo do Col\u00e9gio Estadual, Mercado da Feira e Casas Populares no distrito de Itamarati al\u00e9m de investimentos em esgotamento sanit\u00e1rio no distrito de Ibirapitanga. \u201cCarletto tem sido sens\u00edvel \u00e0s demandas de Ibirapitanga e por isso mesmo ter\u00e1 o nosso apoio e tamb\u00e9m de nossa popula\u00e7\u00e3o\u201d, destacou J\u00e9, emendando que Carletto deve [&hellip;]<\/p>\n","protected":false},"author":2,"featured_media":113480,"comment_status":"closed","ping_status":"open","sticky":false,"template":"","format":"standard","meta":[],"categories":[8,17],"tags":[141,227,46,94],"_links":{"self":[{"href":"https:\/\/www.barragrande24horas.com.br\/v1\/wp-json\/wp\/v2\/posts\/113479"}],"collection":[{"href":"https:\/\/www.barragrande24horas.com.br\/v1\/wp-json\/wp\/v2\/posts"}],"about":[{"href":"https:\/\/www.barragrande24horas.com.br\/v1\/wp-json\/wp\/v2\/types\/post"}],"author":[{"embeddable":true,"href":"https:\/\/www.barragrande24horas.com.br\/v1\/wp-json\/wp\/v2\/users\/2"}],"replies":[{"embeddable":true,"href":"https:\/\/www.barragrande24horas.com.br\/v1\/wp-json\/wp\/v2\/comments?post=113479"}],"version-history":[{"count":1,"href":"https:\/\/www.barragrande24horas.com.br\/v1\/wp-json\/wp\/v2\/posts\/113479\/revisions"}],"predecessor-version":[{"id":113481,"href":"https:\/\/www.barragrande24horas.com.br\/v1\/wp-json\/wp\/v2\/posts\/113479\/revisions\/113481"}],"wp:featuredmedia":[{"embeddable":true,"href":"https:\/\/www.barragrande24horas.com.br\/v1\/wp-json\/wp\/v2\/media\/113480"}],"wp:attachment":[{"href":"https:\/\/www.barragrande24horas.com.br\/v1\/wp-json\/wp\/v2\/media?parent=113479"}],"wp:term":[{"taxonomy":"category","embeddable":true,"href":"https:\/\/www.barragrande24horas.com.br\/v1\/wp-json\/wp\/v2\/categories?post=113479"},{"taxonomy":"post_tag","embeddable":true,"href":"https:\/\/www.barragrande24horas.com.br\/v1\/wp-json\/wp\/v2\/tags?post=113479"}],"curies":[{"name":"wp","href":"https:\/\/api.w.org\/{rel}","templated":true}]}}