{"id":113348,"date":"2018-07-17T16:23:05","date_gmt":"2018-07-17T19:23:05","guid":{"rendered":"http:\/\/www.barragrande24horas.com.br\/v1\/?p=113348"},"modified":"2018-07-17T16:23:05","modified_gmt":"2018-07-17T19:23:05","slug":"moradores-de-marau-fecham-rodovia-em-protesto-contra-buracos-e-lama-na-br-030","status":"publish","type":"post","link":"https:\/\/www.barragrande24horas.com.br\/v1\/2018\/07\/17\/moradores-de-marau-fecham-rodovia-em-protesto-contra-buracos-e-lama-na-br-030\/","title":{"rendered":"Moradores de Mara\u00fa fecham rodovia em protesto contra buracos e lama na BR-030"},"content":{"rendered":"<div class=\"column medium-centered medium-19 large-18\">\n<div class=\"mc-column content-text active-extra-styles active-capital-letter\" data-block-type=\"unstyled\" data-block-weight=\"45\" data-block-id=\"2\">\n<p data-track-category=\"Link no Texto\" data-track-links=\"\"><img loading=\"lazy\" class=\"wp-image-113350 aligncenter\" src=\"http:\/\/www.barragrande24horas.com.br\/v1\/wp-content\/uploads\/2018\/07\/WhatsApp-Image-2018-07-17-at-16.06.15-1024x768.jpeg\" alt=\"\" width=\"500\" height=\"375\" srcset=\"https:\/\/www.barragrande24horas.com.br\/v1\/wp-content\/uploads\/2018\/07\/WhatsApp-Image-2018-07-17-at-16.06.15-1024x768.jpeg 1024w, https:\/\/www.barragrande24horas.com.br\/v1\/wp-content\/uploads\/2018\/07\/WhatsApp-Image-2018-07-17-at-16.06.15-300x225.jpeg 300w, https:\/\/www.barragrande24horas.com.br\/v1\/wp-content\/uploads\/2018\/07\/WhatsApp-Image-2018-07-17-at-16.06.15-768x576.jpeg 768w, https:\/\/www.barragrande24horas.com.br\/v1\/wp-content\/uploads\/2018\/07\/WhatsApp-Image-2018-07-17-at-16.06.15.jpeg 1032w\" sizes=\"(max-width: 500px) 100vw, 500px\" \/><\/p>\n<p class=\"content-text__container theme-color-primary-first-letter\" data-track-category=\"Link no Texto\" data-track-links=\"\">Moradores da cidade de Mara\u00fa, no sul da Bahia, fecharam, na manh\u00e3 desta segunda-feira (16), o trevo da BA-001, em protesto contra as m\u00e1s condi\u00e7\u00f5es da BR-030, que fica pr\u00f3xima \u00e0 regi\u00e3o onde \u00e9 realizado o protesto.<\/p>\n<p data-track-category=\"Link no Texto\" data-track-links=\"\"><img loading=\"lazy\" class=\"wp-image-113351 aligncenter\" src=\"http:\/\/www.barragrande24horas.com.br\/v1\/wp-content\/uploads\/2018\/07\/WhatsApp-Image-2018-07-17-at-16.06.16-1-1024x576.jpeg\" alt=\"\" width=\"500\" height=\"281\" srcset=\"https:\/\/www.barragrande24horas.com.br\/v1\/wp-content\/uploads\/2018\/07\/WhatsApp-Image-2018-07-17-at-16.06.16-1-1024x576.jpeg 1024w, https:\/\/www.barragrande24horas.com.br\/v1\/wp-content\/uploads\/2018\/07\/WhatsApp-Image-2018-07-17-at-16.06.16-1-300x169.jpeg 300w, https:\/\/www.barragrande24horas.com.br\/v1\/wp-content\/uploads\/2018\/07\/WhatsApp-Image-2018-07-17-at-16.06.16-1-768x432.jpeg 768w, https:\/\/www.barragrande24horas.com.br\/v1\/wp-content\/uploads\/2018\/07\/WhatsApp-Image-2018-07-17-at-16.06.16-1.jpeg 1032w\" sizes=\"(max-width: 500px) 100vw, 500px\" \/><\/p>\n<div class=\"mc-column content-text active-extra-styles \" data-block-type=\"unstyled\" data-block-weight=\"22\" data-block-id=\"3\">\n<p class=\"content-text__container \" data-track-category=\"Link no Texto\" data-track-links=\"\">Os manifestantes relataram que a BR-030, que liga a regi\u00e3o de Barra Grande, Ubaitaba e Itacar\u00e9, no sentido Salvador, tem muitos buracos. Os moradores informaram que, com as chuvas que atingem a regi\u00e3o nos \u00faltimos dias, a situa\u00e7\u00e3o piorou. Al\u00e9m dos buracos, h\u00e1 muita lama na estrada. Os moradores pedem que seja feito um servi\u00e7o de recupera\u00e7\u00e3o urgente na rodovia.<\/p>\n<p data-track-category=\"Link no Texto\" data-track-links=\"\"><img loading=\"lazy\" class=\"wp-image-113358 aligncenter\" src=\"http:\/\/www.barragrande24horas.com.br\/v1\/wp-content\/uploads\/2018\/07\/WhatsApp-Image-2018-07-17-at-16.14.55-1024x768.jpeg\" alt=\"\" width=\"500\" height=\"375\" srcset=\"https:\/\/www.barragrande24horas.com.br\/v1\/wp-content\/uploads\/2018\/07\/WhatsApp-Image-2018-07-17-at-16.14.55-1024x768.jpeg 1024w, https:\/\/www.barragrande24horas.com.br\/v1\/wp-content\/uploads\/2018\/07\/WhatsApp-Image-2018-07-17-at-16.14.55-300x225.jpeg 300w, https:\/\/www.barragrande24horas.com.br\/v1\/wp-content\/uploads\/2018\/07\/WhatsApp-Image-2018-07-17-at-16.14.55-768x576.jpeg 768w, https:\/\/www.barragrande24horas.com.br\/v1\/wp-content\/uploads\/2018\/07\/WhatsApp-Image-2018-07-17-at-16.14.55.jpeg 1032w\" sizes=\"(max-width: 500px) 100vw, 500px\" \/><\/p>\n<\/div>\n<\/div>\n<div class=\"wall\">\n<div class=\"mc-column content-text active-extra-styles \" data-block-type=\"unstyled\" data-block-weight=\"22\" data-block-id=\"3\">Os manifestantes bloquearam a via com toras de madeira, que tamb\u00e9m foram queimadas. A Pol\u00edcia Militar acompanhou o ato. A equipe de reportagem da TV Santa Cruz, afiliada da TV Bahia no sul do estado, abordou o problema nas estradas na semana passada, no Bahia Meio Dia.<\/div>\n<\/div>\n<\/div>\n<div data-block-type=\"unstyled\" data-block-weight=\"22\" data-block-id=\"3\"><\/div>\n<div data-block-type=\"unstyled\" data-block-weight=\"22\" data-block-id=\"3\"><img loading=\"lazy\" class=\"wp-image-113349 aligncenter\" src=\"http:\/\/www.barragrande24horas.com.br\/v1\/wp-content\/uploads\/2018\/07\/WhatsApp-Image-2018-07-17-at-16.03.34-1024x576.jpeg\" alt=\"\" width=\"500\" height=\"281\" srcset=\"https:\/\/www.barragrande24horas.com.br\/v1\/wp-content\/uploads\/2018\/07\/WhatsApp-Image-2018-07-17-at-16.03.34-1024x576.jpeg 1024w, https:\/\/www.barragrande24horas.com.br\/v1\/wp-content\/uploads\/2018\/07\/WhatsApp-Image-2018-07-17-at-16.03.34-300x169.jpeg 300w, https:\/\/www.barragrande24horas.com.br\/v1\/wp-content\/uploads\/2018\/07\/WhatsApp-Image-2018-07-17-at-16.03.34-768x432.jpeg 768w, https:\/\/www.barragrande24horas.com.br\/v1\/wp-content\/uploads\/2018\/07\/WhatsApp-Image-2018-07-17-at-16.03.34.jpeg 1032w\" sizes=\"(max-width: 500px) 100vw, 500px\" \/><\/div>\n<div class=\"column medium-centered medium-19 large-18\">\n<div class=\"wall\">\n<div class=\"mc-column content-text active-extra-styles \" data-block-type=\"unstyled\" data-block-weight=\"22\" data-block-id=\"3\">\n<div class=\"mc-column content-text active-extra-styles \" data-block-type=\"unstyled\" data-block-weight=\"63\" data-block-id=\"8\">\n<p class=\"content-text__container \" data-track-category=\"Link no Texto\" data-track-links=\"\">Na ocasi\u00e3o, o n\u00facleo de comunica\u00e7\u00e3o social do Departamento Nacional de Infraestrutura de Transportes (Dnit) explicou que tem contrato com uma empresa para fazer a manuten\u00e7\u00e3o na estrada, mas que a empresa est\u00e1 esperando uma licen\u00e7a ambiental do Instituto do Meio Ambiente e Recursos H\u00eddricos da Bahia (Inema) para explorar jazidas de cascalho e ter acesso ao material utilizado na manuten\u00e7\u00e3o da estrada <strong>(Globo.com)<\/strong><\/p>\n<\/div>\n<\/div>\n<\/div>\n<\/div>\n","protected":false},"excerpt":{"rendered":"<p>Moradores da cidade de Mara\u00fa, no sul da Bahia, fecharam, na manh\u00e3 desta segunda-feira (16), o trevo da BA-001, em protesto contra as m\u00e1s condi\u00e7\u00f5es da BR-030, que fica pr\u00f3xima \u00e0 regi\u00e3o onde \u00e9 realizado o protesto. Os manifestantes relataram que a BR-030, que liga a regi\u00e3o de Barra Grande, Ubaitaba e Itacar\u00e9, no sentido Salvador, tem muitos buracos. Os moradores informaram que, com as chuvas que atingem a regi\u00e3o nos \u00faltimos dias, a situa\u00e7\u00e3o piorou. Al\u00e9m dos buracos, h\u00e1 muita lama na estrada. Os moradores pedem que seja feito um servi\u00e7o de recupera\u00e7\u00e3o urgente na rodovia. Os manifestantes bloquearam [&hellip;]<\/p>\n","protected":false},"author":2,"featured_media":113358,"comment_status":"closed","ping_status":"open","sticky":false,"template":"","format":"standard","meta":[],"categories":[26,17,19],"tags":[45,53,52,200,46],"_links":{"self":[{"href":"https:\/\/www.barragrande24horas.com.br\/v1\/wp-json\/wp\/v2\/posts\/113348"}],"collection":[{"href":"https:\/\/www.barragrande24horas.com.br\/v1\/wp-json\/wp\/v2\/posts"}],"about":[{"href":"https:\/\/www.barragrande24horas.com.br\/v1\/wp-json\/wp\/v2\/types\/post"}],"author":[{"embeddable":true,"href":"https:\/\/www.barragrande24horas.com.br\/v1\/wp-json\/wp\/v2\/users\/2"}],"replies":[{"embeddable":true,"href":"https:\/\/www.barragrande24horas.com.br\/v1\/wp-json\/wp\/v2\/comments?post=113348"}],"version-history":[{"count":1,"href":"https:\/\/www.barragrande24horas.com.br\/v1\/wp-json\/wp\/v2\/posts\/113348\/revisions"}],"predecessor-version":[{"id":113359,"href":"https:\/\/www.barragrande24horas.com.br\/v1\/wp-json\/wp\/v2\/posts\/113348\/revisions\/113359"}],"wp:featuredmedia":[{"embeddable":true,"href":"https:\/\/www.barragrande24horas.com.br\/v1\/wp-json\/wp\/v2\/media\/113358"}],"wp:attachment":[{"href":"https:\/\/www.barragrande24horas.com.br\/v1\/wp-json\/wp\/v2\/media?parent=113348"}],"wp:term":[{"taxonomy":"category","embeddable":true,"href":"https:\/\/www.barragrande24horas.com.br\/v1\/wp-json\/wp\/v2\/categories?post=113348"},{"taxonomy":"post_tag","embeddable":true,"href":"https:\/\/www.barragrande24horas.com.br\/v1\/wp-json\/wp\/v2\/tags?post=113348"}],"curies":[{"name":"wp","href":"https:\/\/api.w.org\/{rel}","templated":true}]}}