{"id":113309,"date":"2018-07-13T15:49:12","date_gmt":"2018-07-13T18:49:12","guid":{"rendered":"http:\/\/www.barragrande24horas.com.br\/v1\/?p=113309"},"modified":"2018-09-04T18:28:08","modified_gmt":"2018-09-04T21:28:08","slug":"show-de-leo-santana-em-barra-grande-deve-movimentar-economia-e-fortalecer-o-turismo-na-peninsula-de-marau","status":"publish","type":"post","link":"https:\/\/www.barragrande24horas.com.br\/v1\/2018\/07\/13\/show-de-leo-santana-em-barra-grande-deve-movimentar-economia-e-fortalecer-o-turismo-na-peninsula-de-marau\/","title":{"rendered":"Show de L\u00e9o Santana em Barra Grande deve movimentar economia e fortalecer o turismo na Pen\u00ednsula de Mara\u00fa"},"content":{"rendered":"<p style=\"text-align: center;\"><strong>Xi, gente! Leo Santana vai puxar \u2018vai dar PT\u2019 e \u2018faz o L\u2019 em Barra Grande<\/strong><\/p>\n<p><img loading=\"lazy\" class=\"alignnone size-full wp-image-113311 aligncenter\" src=\"http:\/\/www.barragrande24horas.com.br\/v1\/wp-content\/uploads\/2018\/07\/thumbnail_barra-.jpg\" alt=\"\" width=\"530\" height=\"278\" srcset=\"https:\/\/www.barragrande24horas.com.br\/v1\/wp-content\/uploads\/2018\/07\/thumbnail_barra-.jpg 530w, https:\/\/www.barragrande24horas.com.br\/v1\/wp-content\/uploads\/2018\/07\/thumbnail_barra--300x157.jpg 300w\" sizes=\"(max-width: 530px) 100vw, 530px\" \/><\/p>\n<p style=\"font-weight: 400;\">O feriado da Independ\u00eancia promete atrair muitos turistas a Barra Grande, na Pen\u00ednsula de Mara\u00fa. O distrito, famoso por suas belezas naturais,\u00a0\u00e9 o lugar perfeito para quem busca sossego e \u00e1guas cristalinas. Mas entre os dias 7 e 8 de Setembro, a regi\u00e3o promete ficar ainda mais badalada, \u00e9 que a Salvador Produ\u00e7\u00f5es e a AMB est\u00e3o trazendo para Barra Grande a festa <strong>&#8220;Barra Spirit Weekend&#8221;,<\/strong> que ser\u00e1 comandada pelo cantor L\u00e9o Santana, Jau Peri, Baiana System e JetLeg.<\/p>\n<p><img loading=\"lazy\" class=\"wp-image-113312 aligncenter\" src=\"http:\/\/www.barragrande24horas.com.br\/v1\/wp-content\/uploads\/2018\/07\/37057299_1778191008929334_3568370812199108608_n.png\" alt=\"\" width=\"550\" height=\"535\" srcset=\"https:\/\/www.barragrande24horas.com.br\/v1\/wp-content\/uploads\/2018\/07\/37057299_1778191008929334_3568370812199108608_n.png 960w, https:\/\/www.barragrande24horas.com.br\/v1\/wp-content\/uploads\/2018\/07\/37057299_1778191008929334_3568370812199108608_n-300x292.png 300w, https:\/\/www.barragrande24horas.com.br\/v1\/wp-content\/uploads\/2018\/07\/37057299_1778191008929334_3568370812199108608_n-768x747.png 768w\" sizes=\"(max-width: 550px) 100vw, 550px\" \/><\/p>\n<p>O cantor soteropolitano ficou conhecido em todo o Brasil e em diversos pa\u00edses a frente da Banda Parangol\u00e9, atualmente se dedica a sua carreira solo e est\u00e1 consolidado no cen\u00e1rio da ax\u00e9 music como um dos melhores artistas do segmento na atualidade.<\/p>\n<p><strong>TURISMO<\/strong><\/p>\n<p>A taxa de ocupa\u00e7\u00e3o da rede hoteleira deve chegar a 95% em Barra Grande, o distrito concentra o maior n\u00famero de leitos na regi\u00e3o e que at\u00e9 o dia 8 de setembro sedia a Festa. A secretaria municipal de Turismo e Lazer de Mara\u00fa, acredita que at\u00e9 a festa todas as vagas estejam reservadas. No feriad\u00e3o da independ\u00eancia, a pen\u00ednsula tem boa procura.<\/p>\n<p><strong>SERVI\u00c7O:<\/strong><\/p>\n<div class=\"\" data-block=\"true\" data-editor=\"avqdt\" data-offset-key=\"abk16-0-0\">\n<div class=\"_1mf _1mj\" data-offset-key=\"abk16-0-0\"><span data-offset-key=\"abk16-0-0\">Evento: Barra Spirit Weekend<\/span><\/div>\n<\/div>\n<div class=\"\" data-block=\"true\" data-editor=\"avqdt\" data-offset-key=\"e2cvn-0-0\">\n<div class=\"_1mf _1mj\" data-offset-key=\"e2cvn-0-0\"><span data-offset-key=\"e2cvn-0-0\">Local: Barra Grande (Pen\u00ednsula de Mara\u00fa &#8211; S\u00edtio Carapitangui)<\/span><\/div>\n<\/div>\n<div class=\"\" data-block=\"true\" data-editor=\"avqdt\" data-offset-key=\"9leoh-0-0\">\n<div class=\"_1mf _1mj\" data-offset-key=\"9leoh-0-0\"><span data-offset-key=\"9leoh-0-0\">Data: 7 e 8 de Setembro<\/span><\/div>\n<\/div>\n<div class=\"\" data-block=\"true\" data-editor=\"avqdt\" data-offset-key=\"c1m8n-0-0\">\n<div class=\"_1mf _1mj\" data-offset-key=\"c1m8n-0-0\"><span data-offset-key=\"c1m8n-0-0\">Atra\u00e7\u00f5es: 7 de Setembro (L\u00e9o Santana e Jetlag)<\/span><\/div>\n<\/div>\n<div class=\"\" data-block=\"true\" data-editor=\"avqdt\" data-offset-key=\"5ctt3-0-0\">\n<div class=\"_1mf _1mj\" data-offset-key=\"5ctt3-0-0\"><span data-offset-key=\"5ctt3-0-0\">8 de Setembro (Baiana System e Jau<\/span><\/div>\n<\/div>\n<div class=\"\" data-block=\"true\" data-editor=\"avqdt\" data-offset-key=\"4ef9o-0-0\">\n<div class=\"_1mf _1mj\" data-offset-key=\"4ef9o-0-0\"><span data-offset-key=\"4ef9o-0-0\">Hor\u00e1rio: A partir das 22h\u00a0<\/span><\/div>\n<\/div>\n<div class=\"\" data-block=\"true\" data-editor=\"avqdt\" data-offset-key=\"dmva4-0-0\">\n<div class=\"_1mf _1mj\" data-offset-key=\"dmva4-0-0\"><span data-offset-key=\"dmva4-0-0\">Ingressos: R$ 180,00<\/span><\/div>\n<\/div>\n<div class=\"\" data-block=\"true\" data-editor=\"avqdt\" data-offset-key=\"81jet-0-0\">\n<div class=\"_1mf _1mj\" data-offset-key=\"81jet-0-0\"><span data-offset-key=\"81jet-0-0\">\u00a0<\/span><\/div>\n<\/div>\n<div class=\"\" data-block=\"true\" data-editor=\"avqdt\" data-offset-key=\"aqot6-0-0\">\n<div class=\"_1mf _1mj\" data-offset-key=\"aqot6-0-0\"><span data-offset-key=\"aqot6-0-0\"><strong>Vendas:<\/strong> Salvador Tickets 2o piso do Shopping da Bahia e nos Balc\u00f5es de Ingressos <\/span><\/div>\n<\/div>\n<div class=\"\" data-block=\"true\" data-editor=\"avqdt\" data-offset-key=\"209uv-0-0\">\n<div class=\"_1mf _1mj\" data-offset-key=\"209uv-0-0\"><span data-offset-key=\"209uv-0-0\">Ou no site\u00a0<a href=\"https:\/\/ingressos.salvadorproducoes.com.br\/\">https:\/\/ingressos.salvadorproducoes.com.br\/\u00a0<\/a><\/span><\/div>\n<\/div>\n<div data-offset-key=\"209uv-0-0\">Em Barra Grande, o ponto de venda \u00e9 no Villa Caf\u00e9.<\/div>\n<div class=\"\" data-block=\"true\" data-editor=\"avqdt\" data-offset-key=\"1qip7-0-0\">\n<div class=\"_1mf _1mj\" data-offset-key=\"1qip7-0-0\"><span data-offset-key=\"1qip7-0-0\">\u00a0<\/span><\/div>\n<\/div>\n<div class=\"\" data-block=\"true\" data-editor=\"avqdt\" data-offset-key=\"6mc89-0-0\">\n<div class=\"_1mf _1mj\" data-offset-key=\"6mc89-0-0\"><span data-offset-key=\"6mc89-0-0\"><strong>Informa\u00e7\u00f5es:<\/strong> 71 3367.9084\u00a0<\/span><\/div>\n<div data-offset-key=\"6mc89-0-0\"><\/div>\n<\/div>\n<div data-offset-key=\"6mc89-0-0\">(Por: Darlim | Barra Grande 24 Horas)<\/div>\n","protected":false},"excerpt":{"rendered":"<p>Xi, gente! Leo Santana vai puxar \u2018vai dar PT\u2019 e \u2018faz o L\u2019 em Barra Grande O feriado da Independ\u00eancia promete atrair muitos turistas a Barra Grande, na Pen\u00ednsula de Mara\u00fa. O distrito, famoso por suas belezas naturais,\u00a0\u00e9 o lugar perfeito para quem busca sossego e \u00e1guas cristalinas. Mas entre os dias 7 e 8 de Setembro, a regi\u00e3o promete ficar ainda mais badalada, \u00e9 que a Salvador Produ\u00e7\u00f5es e a AMB est\u00e3o trazendo para Barra Grande a festa &#8220;Barra Spirit Weekend&#8221;, que ser\u00e1 comandada pelo cantor L\u00e9o Santana, Jau Peri, Baiana System e JetLeg. O cantor soteropolitano ficou conhecido [&hellip;]<\/p>\n","protected":false},"author":2,"featured_media":113311,"comment_status":"closed","ping_status":"open","sticky":false,"template":"","format":"standard","meta":[],"categories":[26,29,17,20,23,28,22],"tags":[84,192,191,193],"_links":{"self":[{"href":"https:\/\/www.barragrande24horas.com.br\/v1\/wp-json\/wp\/v2\/posts\/113309"}],"collection":[{"href":"https:\/\/www.barragrande24horas.com.br\/v1\/wp-json\/wp\/v2\/posts"}],"about":[{"href":"https:\/\/www.barragrande24horas.com.br\/v1\/wp-json\/wp\/v2\/types\/post"}],"author":[{"embeddable":true,"href":"https:\/\/www.barragrande24horas.com.br\/v1\/wp-json\/wp\/v2\/users\/2"}],"replies":[{"embeddable":true,"href":"https:\/\/www.barragrande24horas.com.br\/v1\/wp-json\/wp\/v2\/comments?post=113309"}],"version-history":[{"count":7,"href":"https:\/\/www.barragrande24horas.com.br\/v1\/wp-json\/wp\/v2\/posts\/113309\/revisions"}],"predecessor-version":[{"id":113314,"href":"https:\/\/www.barragrande24horas.com.br\/v1\/wp-json\/wp\/v2\/posts\/113309\/revisions\/113314"}],"wp:featuredmedia":[{"embeddable":true,"href":"https:\/\/www.barragrande24horas.com.br\/v1\/wp-json\/wp\/v2\/media\/113311"}],"wp:attachment":[{"href":"https:\/\/www.barragrande24horas.com.br\/v1\/wp-json\/wp\/v2\/media?parent=113309"}],"wp:term":[{"taxonomy":"category","embeddable":true,"href":"https:\/\/www.barragrande24horas.com.br\/v1\/wp-json\/wp\/v2\/categories?post=113309"},{"taxonomy":"post_tag","embeddable":true,"href":"https:\/\/www.barragrande24horas.com.br\/v1\/wp-json\/wp\/v2\/tags?post=113309"}],"curies":[{"name":"wp","href":"https:\/\/api.w.org\/{rel}","templated":true}]}}